{"id":15535,"date":"2025-06-24T15:19:34","date_gmt":"2025-06-24T19:19:34","guid":{"rendered":"https:\/\/agromt.news\/?p=15535"},"modified":"2025-06-24T15:19:34","modified_gmt":"2025-06-24T19:19:34","slug":"veja-os-estados-que-mais-serao-afetados-nesta-quarta","status":"publish","type":"post","link":"https:\/\/agromt.news\/?p=15535","title":{"rendered":"veja os estados que mais ser\u00e3o afetados nesta quarta"},"content":{"rendered":"<p> <br \/>\n<br \/><img decoding=\"async\" src=\"https:\/\/agromt.news\/wp-content\/uploads\/2025\/06\/veja-os-estados-que-mais-serao-afetados-nesta-quarta.jpg\" \/><\/p>\n<div>\n<p>A onda de frio que atinge o Brasil desde a segunda-feira (23) vai continuar afetando muitos estados nesta quarta-feira (25), de acordo com a an\u00e1lise da <strong><a href=\"https:\/\/www.canalrural.com.br\/autor\/climatempo\/\">Climatempo<\/a><\/strong>. Veja como ficam as condi\u00e7\u00f5es em cada uma das regi\u00f5es do pa\u00eds, segundo o boletim meteorol\u00f3gico da  empresa.<\/p>\n<h2 class=\"wp-block-heading\" id=\"h-como-vai-ficar-o-tempo-no-sul-nesta-quarta-feira\">Como vai ficar o tempo no Sul nesta quarta-feira<\/h2>\n<p>O tempo segue firme na maior parte do dia nos tr\u00eas estados da regi\u00e3o Sul, com c\u00e9u claro e temperaturas reduzidas, devido \u00e0 presen\u00e7a da massa de ar polar. H\u00e1 previs\u00e3o de geada ao longo do dia em toda a regi\u00e3o. <\/p>\n<p>\u00c0 noite, pancadas de chuva retornam \u00e0 faixa noroeste do Rio Grande do Sul, ao oeste de Santa Catarina e ao sudoeste do Paran\u00e1.<\/p>\n<p>Aten\u00e7\u00e3o: com m\u00ednima prevista de 1\u202f\u00b0C em Curitiba e 4\u202f\u00b0C em Porto Alegre, pode haver novos recordes de menor m\u00ednima do ano. Em Curitiba, a manh\u00e3 desta ter\u00e7a-feira (24) foi gelada com recorde de 1,2\u202f\u00b0C. Na capital ga\u00facha, at\u00e9 o momento, a menor temperatura \u00e9 de 5,7\u202f\u00b0C no dia 2 de junho.<\/p>\n<h2 class=\"wp-block-heading\" id=\"h-como-vai-ficar-o-tempo-no-sudeste-nesta-quarta-feira\">Como vai ficar o tempo no Sudeste nesta quarta-feira<\/h2>\n<p>Na regi\u00e3o Sudeste, apenas o litoral norte do Rio de Janeiro e do Esp\u00edrito Santo ter\u00e3o pancadas isoladas, estimuladas pela circula\u00e7\u00e3o mar\u2013continente. Nas demais \u00e1reas \u2014 especialmente em S\u00e3o Paulo e no sul de Minas \u2014, o c\u00e9u permanece claro, mas as temperaturas continuam baixas. <strong>H\u00e1 previs\u00e3o de geada na regi\u00e3o central de S\u00e3o Paulo e no sul de Minas Gerais.<\/strong><\/p>\n<p>Com <strong>previs\u00e3o de 5\u202f\u00b0C para a manh\u00e3 <\/strong>desta quarta-feira (25) a capital paulista pode estabelecer um novo recorde de frio para o ano de 2025: a menor temperatura m\u00ednima at\u00e9 o momento, foi de 8,8\u202f\u00b0C em Interlagos, no dia 30 de maio.<\/p>\n<\/div>\n<div>\n<h2 class=\"wp-block-heading\" id=\"h-como-vai-ficar-o-tempo-no-centro-oeste-nesta-quarta-feira\">Como vai ficar o tempo no Centro-Oeste nesta quarta-feira<\/h2>\n<p>Na regi\u00e3o Centro-Oeste, o tempo permanece firme em Mato Grosso do Sul, Mato Grosso, Goi\u00e1s e Distrito Federal. <strong>A manh\u00e3 ser\u00e1 bem fria no sul dos tr\u00eas estados, <\/strong>enquanto o restante da regi\u00e3o ter\u00e1 predom\u00ednio de ar seco. <\/p>\n<p><strong>H\u00e1 risco de geada no sul de Mato Grosso do Sul<\/strong>. J\u00e1 no nordeste de Mato Grosso e norte de Goi\u00e1s, a umidade relativa pode cair abaixo de 30% nas horas mais quentes.<\/p>\n<h2 class=\"wp-block-heading\" id=\"h-como-vai-ficar-o-tempo-no-nordeste-nesta-quarta-feira\">Como vai ficar o tempo no Nordeste nesta quarta-feira<\/h2>\n<p>As pancadas prosseguem entre o litoral da Bahia e o litoral do Rio Grande do Norte, novamente estimuladas pela brisa mar\u2013continente. Destaque para o litoral central da Bahia \u2014 incluindo Salvador \u2014, onde h\u00e1 alerta de temporais. <\/p>\n<p>No interior da Bahia, sul do Piau\u00ed e sul do Maranh\u00e3o, o c\u00e9u fica firme e seco, e a umidade relativa pode cair abaixo de 30% nos hor\u00e1rios mais quentes.<\/p>\n<h2 class=\"wp-block-heading\" id=\"h-como-vai-ficar-o-tempo-no-norte-nesta-quarta-feira\">Como vai ficar o tempo no Norte nesta quarta-feira<\/h2>\n<p>Na Regi\u00e3o Norte, espera-se chuva moderada a forte no oeste do Acre, centro-norte do Amazonas, norte do Par\u00e1, em Roraima e no Amap\u00e1, devido ao calor e \u00e0 umidade caracter\u00edsticos da regi\u00e3o. Destaque para o oeste do Amazonas e o norte do Amap\u00e1, com risco de temporais. <\/p>\n<p>Nas demais \u00e1reas, o tempo segue est\u00e1vel, com c\u00e9u aberto e sem chuva. O dia pode come\u00e7ar um pouco mais frio e com m\u00ednima de 16\u202f\u00b0C em Rio Branco (AC). <strong>O ar polar diminui as temperaturas, causando friagem, tamb\u00e9m no sul de Rond\u00f4nia.<\/strong><\/p>\n<div data-icp-cta=\"1\" id=\"icp-cta-unique\">Voc\u00ea quer entender como usar o clima a seu favor?<b> <\/b><a href=\"https:\/\/climacampo.canalrural.com.br\/climacampo_-01\">Preparamos um e-book exclusivo<\/a> para ajudar produtores rurais a se antecipar \u00e0s mudan\u00e7as do tempo e planejar melhor suas a\u00e7\u00f5es. Com base em previs\u00f5es meteorol\u00f3gicas confi\u00e1veis, ele oferece orienta\u00e7\u00f5es pr\u00e1ticas para proteger sua lavoura e otimizar seus resultados.<\/div>\n<\/div>\n<p><br \/>\n<br \/><a href=\"https:\/\/www.canalrural.com.br\/tempo\/onda-de-frio-veja-os-estados-que-mais-serao-afetados-nesta-quarta\/\">Source link <\/a><\/p>\n","protected":false},"excerpt":{"rendered":"<p>A onda de frio que atinge o Brasil desde a segunda-feira (23) vai continuar afetando muitos estados nesta quarta-feira (25),<\/p>\n","protected":false},"author":1,"featured_media":15536,"comment_status":"open","ping_status":"open","sticky":false,"template":"","format":"standard","meta":{"_monsterinsights_skip_tracking":false,"_monsterinsights_sitenote_active":false,"_monsterinsights_sitenote_note":"","_monsterinsights_sitenote_category":0,"_uf_show_specific_survey":0,"_uf_disable_surveys":false,"footnotes":""},"categories":[1],"tags":[],"class_list":["post-15535","post","type-post","status-publish","format-standard","has-post-thumbnail","hentry","category-news"],"_links":{"self":[{"href":"https:\/\/agromt.news\/index.php?rest_route=\/wp\/v2\/posts\/15535"}],"collection":[{"href":"https:\/\/agromt.news\/index.php?rest_route=\/wp\/v2\/posts"}],"about":[{"href":"https:\/\/agromt.news\/index.php?rest_route=\/wp\/v2\/types\/post"}],"author":[{"embeddable":true,"href":"https:\/\/agromt.news\/index.php?rest_route=\/wp\/v2\/users\/1"}],"replies":[{"embeddable":true,"href":"https:\/\/agromt.news\/index.php?rest_route=%2Fwp%2Fv2%2Fcomments&post=15535"}],"version-history":[{"count":0,"href":"https:\/\/agromt.news\/index.php?rest_route=\/wp\/v2\/posts\/15535\/revisions"}],"wp:featuredmedia":[{"embeddable":true,"href":"https:\/\/agromt.news\/index.php?rest_route=\/wp\/v2\/media\/15536"}],"wp:attachment":[{"href":"https:\/\/agromt.news\/index.php?rest_route=%2Fwp%2Fv2%2Fmedia&parent=15535"}],"wp:term":[{"taxonomy":"category","embeddable":true,"href":"https:\/\/agromt.news\/index.php?rest_route=%2Fwp%2Fv2%2Fcategories&post=15535"},{"taxonomy":"post_tag","embeddable":true,"href":"https:\/\/agromt.news\/index.php?rest_route=%2Fwp%2Fv2%2Ftags&post=15535"}],"curies":[{"name":"wp","href":"https:\/\/api.w.org\/{rel}","templated":true}]}}