{"id":15533,"date":"2025-06-24T15:04:27","date_gmt":"2025-06-24T19:04:27","guid":{"rendered":"https:\/\/agromt.news\/?p=15533"},"modified":"2025-06-24T15:04:27","modified_gmt":"2025-06-24T19:04:27","slug":"produtos-a-base-de-milho-embalam-o-mes-de-sao-joao-e-geram-renda-a-produtores","status":"publish","type":"post","link":"https:\/\/agromt.news\/?p=15533","title":{"rendered":"Produtos \u00e0 base de milho embalam o m\u00eas de S\u00e3o Jo\u00e3o e geram renda a produtores"},"content":{"rendered":"<p> <br \/>\n<\/p>\n<div>\n<p>Celebrado em meio \u00e0s festas juninas, o dia de S\u00e3o Jo\u00e3o, \u00e9 comemorado nesta ter\u00e7a-feira (24), em que marca o nascimento de S\u00e3o Jo\u00e3o Batista. De acordo com a igreja cat\u00f3lica, o Santo era primo e precursor do caminho de Jesus Cristo. O profeta \u00e9 lembrado pela sua f\u00e9 e humildade. <\/p>\n<p>E \u00e9 tamb\u00e9m no m\u00eas de S\u00e3o Jo\u00e3o que as <a href=\"https:\/\/www.canalrural.com.br\/empreendedorismo\/familia-paulista-aposta-na-praticidade-e-lanca-quentao-no-pote\/\">festas juninas <\/a>tomam conta do pa\u00eds. H\u00e1 m\u00fasica animada, bandeirolas, bal\u00f5es coloridos e, claro, muita comida t\u00edpica \u2014 sendo o milho verde um dos principais protagonistas nos arrai\u00e1s. Em Capela do Alto, no interior de S\u00e3o Paulo, quem d\u00e1 o tom dessa temporada \u00e9 o casal Sandriele e Endrio Sim\u00f5es, produtores e empreendedores rurais.<\/p>\n<p>Juntos comandam \u2018Del\u00edcias da San\u2019, que tem como carro-chefe a transforma\u00e7\u00e3o do milho verde em sabor e renda. Entre os produtos est\u00e3o as pamonhas \u2014 com ou sem recheio \u2014, al\u00e9m de bolo, suco, espiga e curau. Mesmo com apenas um alqueire de terra, o casal j\u00e1 colheu 25 toneladas do gr\u00e3o, mas hoje, eles preferem comprar o milho de produtores locais.<\/p>\n<p>\u201cCompensa mais do que plantar: a gente economiza com m\u00e3o de obra e insumos\u201d, conta Sandrieli, que s\u00f3 neste m\u00eas de junho, vendeu mais de 5 mil produtos \u00e0 base de milho verde. \u201cA expectativa para julho, \u00e9 vender 7 mil.\u201d\u00a0<\/p>\n<ul class=\"wp-block-list\">\n<li><em>Participe do Porteira Aberta Empreender: envie perguntas, sugest\u00f5es e conte sua hist\u00f3ria de empreendedorismo pelo\u00a0<\/em><a href=\"https:\/\/api.whatsapp.com\/send?phone=5511932796720&amp;PorteiraAbertaEmpreender=SuaMensagem\"><strong>WhatsApp<\/strong><\/a><\/li>\n<\/ul>\n<\/div>\n<div>\n<figure class=\"wp-block-image size-full\"><img fetchpriority=\"high\" decoding=\"async\" width=\"941\" height=\"725\" alt=\"Fam\u00edlia Sim\u00f5es. Da esquerda para Direita um homem com uma menina \u00e0 frente. Ao lado, um menino e, na sequ\u00eancia uma mulher.\" class=\"wp-image-4106045\"  data-lazy- src=\"https:\/\/agromt.news\/wp-content\/uploads\/2025\/06\/Produtos-a-base-de-milho-embalam-o-mes-de-Sao.jpeg\"\/><img decoding=\"async\" width=\"941\" height=\"725\" src=\"https:\/\/agromt.news\/wp-content\/uploads\/2025\/06\/Produtos-a-base-de-milho-embalam-o-mes-de-Sao.jpeg\" alt=\"Fam\u00edlia Sim\u00f5es. Da esquerda para Direita um homem com uma menina \u00e0 frente. Ao lado, um menino e, na sequ\u00eancia uma mulher.\" class=\"wp-image-4106045\"  \/><figcaption class=\"wp-element-caption\">O casal Sim\u00f5es, de Capela do Alto (SP), tem dois filhos: Lucy Maria (8) e Bernardo Henrique (13). Foto: Arquivo pessoal<\/figcaption><\/figure>\n<p>O neg\u00f3cio come\u00e7ou com a m\u00e3e de Endrio, que passou os ensinamentos da produ\u00e7\u00e3o rural para o casal. Mas foi ap\u00f3s o falecimento da sogra, que Sandriele entrou de vez no neg\u00f3cio com o marido. <\/p>\n<p>\u201cCom o apoio do <a href=\"https:\/\/sebrae.com.br\/sites\/PortalSebrae\/ufs\/SP?codUf=26\">Sebrae<\/a>, a gente conseguiu a formaliza\u00e7\u00e3o e j\u00e1 participamos de tr\u00eas feiras.\u201d  Al\u00e9m isso, as vendas seguem firmes com a for\u00e7a das <a href=\"https:\/\/www.instagram.com\/delicias_da_san?utm_source=qr&amp;igsh=MTd6NXYxd3B0M2hxZQ==\">redes sociais<\/a>, WhatsApp e do tradicional boca a boca. <\/p>\n<p>Enquanto isso, os planos continuam: recentemente, o casal comprou um carrinho de milho. \u201cO projeto agora \u00e9 adquirir outro, para que eu fique em um e Endrio no outro.\u201d <\/p>\n<p>E para fechar esta conversa, a empreendedora rural resumiu bem o que o milho significa pra ela: \u201cMilho \u00e9 amor. O que me move \u00e9 o amor pelo que fa\u00e7o\u201d finaliza Sandriele. Para quem ficou com vontade de experimentar as \u2018Del\u00edcias da San\u2019, o casal estar\u00e1 na Festa do Bal\u00e3o, em Ara\u00e7oiaba da Serra, nos dias 4, 5 e 6 de julho. <\/p>\n<p>J\u00e1 para quem quer aproveitar a celebra\u00e7\u00e3o de S\u00e3o Jo\u00e3o e saborear produtos \u00e0 base milho, h\u00e1 quermesses e festas juninas acontecendo em v\u00e1rias cidades do pa\u00eds \u2014 muitas com barracas repletas de comidas t\u00edpicas desta \u00e9poca do ano, e o milho verde \u00e9 uma das estrelas. <\/p>\n<\/p><\/div>\n<p><script async src=\"\/\/www.instagram.com\/embed.js\"><\/script><br \/>\n<br \/><br \/>\n<br \/><a href=\"https:\/\/www.canalrural.com.br\/empreendedorismo\/produtos-a-base-de-milho-embalam-sao-joao-e-geram-renda-a-produtores\/\">Source link <\/a><\/p>\n","protected":false},"excerpt":{"rendered":"<p>Celebrado em meio \u00e0s festas juninas, o dia de S\u00e3o Jo\u00e3o, \u00e9 comemorado nesta ter\u00e7a-feira (24), em que marca o<\/p>\n","protected":false},"author":1,"featured_media":15534,"comment_status":"open","ping_status":"open","sticky":false,"template":"","format":"standard","meta":{"_monsterinsights_skip_tracking":false,"_monsterinsights_sitenote_active":false,"_monsterinsights_sitenote_note":"","_monsterinsights_sitenote_category":0,"_uf_show_specific_survey":0,"_uf_disable_surveys":false,"footnotes":""},"categories":[1],"tags":[],"class_list":["post-15533","post","type-post","status-publish","format-standard","has-post-thumbnail","hentry","category-news"],"_links":{"self":[{"href":"https:\/\/agromt.news\/index.php?rest_route=\/wp\/v2\/posts\/15533"}],"collection":[{"href":"https:\/\/agromt.news\/index.php?rest_route=\/wp\/v2\/posts"}],"about":[{"href":"https:\/\/agromt.news\/index.php?rest_route=\/wp\/v2\/types\/post"}],"author":[{"embeddable":true,"href":"https:\/\/agromt.news\/index.php?rest_route=\/wp\/v2\/users\/1"}],"replies":[{"embeddable":true,"href":"https:\/\/agromt.news\/index.php?rest_route=%2Fwp%2Fv2%2Fcomments&post=15533"}],"version-history":[{"count":0,"href":"https:\/\/agromt.news\/index.php?rest_route=\/wp\/v2\/posts\/15533\/revisions"}],"wp:featuredmedia":[{"embeddable":true,"href":"https:\/\/agromt.news\/index.php?rest_route=\/wp\/v2\/media\/15534"}],"wp:attachment":[{"href":"https:\/\/agromt.news\/index.php?rest_route=%2Fwp%2Fv2%2Fmedia&parent=15533"}],"wp:term":[{"taxonomy":"category","embeddable":true,"href":"https:\/\/agromt.news\/index.php?rest_route=%2Fwp%2Fv2%2Fcategories&post=15533"},{"taxonomy":"post_tag","embeddable":true,"href":"https:\/\/agromt.news\/index.php?rest_route=%2Fwp%2Fv2%2Ftags&post=15533"}],"curies":[{"name":"wp","href":"https:\/\/api.w.org\/{rel}","templated":true}]}}