{"id":1553,"date":"2024-09-13T17:09:06","date_gmt":"2024-09-13T21:09:06","guid":{"rendered":"https:\/\/agromt.news\/?p=1553"},"modified":"2024-09-13T17:09:06","modified_gmt":"2024-09-13T21:09:06","slug":"declaracao-ministerial-do-g20-agro-tem-aprovacao-unanime-2","status":"publish","type":"post","link":"https:\/\/agromt.news\/?p=1553","title":{"rendered":"Declara\u00e7\u00e3o Ministerial do G20 Agro tem aprova\u00e7\u00e3o un\u00e2nime"},"content":{"rendered":"<p> <br \/>\n<\/p>\n<div>\n<p>A Declara\u00e7\u00e3o Ministerial, que visa dar um novo rumo para a produ\u00e7\u00e3o agropecu\u00e1ria e a pesca sustent\u00e1vel no mundo, foi aprovada por unanimidade entre os 23 pa\u00edses que comp\u00f5em o G20 Agro.<\/p>\n<p>O an\u00fancio foi feito nesta sexta-feira (13) durante o G20 Agro, que se reuniu nesta semana na Chapada dos Guimar\u00e3es, em Mato Grosso.<\/p>\n<p>Vista como um desafio para a diplomacia brasileira \u2014 uma vez que requer consenso entre todos os pa\u00edses do G20 \u2014, a Declara\u00e7\u00e3o Ministerial possui a for\u00e7a de um acordo internacional.<\/p>\n<p>O documento conta com quatro prioridades fundamentais:<\/p>\n<ul>\n<li>Promover m\u00faltiplas formas de produ\u00e7\u00e3o sustent\u00e1vel na agropecu\u00e1ria;<\/li>\n<li>Garantir um com\u00e9rcio internacional mais justo, livre de distor\u00e7\u00f5es, como subs\u00eddios que prejudicam o Brasil e outros pa\u00edses;<\/li>\n<li>Oferecer apoio \u00e0 agricultura familiar, quilombolas, popula\u00e7\u00f5es ind\u00edgenas e comunidades tradicionais; e<\/li>\n<li>Regularizar e regulamentar o setor de pescados e aquicultura.<\/li>\n<\/ul>\n<aside class=\"read-too read-too--with-img\">\n<h2 class=\"read-too__title'&gt;Leia Mais&lt;\/h2&gt; &lt;ul class=\" read-too__list=\"\"> <\/h2>\n<li class=\"read-too__list-item\"> <a class=\"read-too__link\" href=\"https:\/\/www.cnnbrasil.com.br\/economia\/macroeconomia\/fazenda-ve-inflacao-menos-sensivel-a-solavancos-cambiais-e-riscos-externos\/\" target=\"_self\" rel=\"noopener\"> <picture class=\"read-too__picture\"> <img decoding=\"async\" class=\"read-too__img\" src=\"https:\/\/www.cnnbrasil.com.br\/wp-content\/uploads\/sites\/12\/Reuters_Direct_Media\/BrazilOnlineReportBusinessNews\/tagreuters.com2023binary_LYNXMPEJ8D0QS-FILEDIMAGE.jpg?w=200\" alt=\"Fazenda v\u00ea infla\u00e7\u00e3o menos sens\u00edvel a solavancos cambiais e riscos externos\" title=\"Fazenda v\u00ea infla\u00e7\u00e3o menos sens\u00edvel a solavancos cambiais e riscos externos'\" loading=\"lazy\"\/> <\/picture>\n<h3 class=\"read-too__post-title\">Fazenda v\u00ea infla\u00e7\u00e3o menos sens\u00edvel a solavancos cambiais e riscos externos<\/h3>\n<p> <\/a><\/li>\n<li class=\"read-too__list-item\"> <a class=\"read-too__link\" href=\"https:\/\/www.cnnbrasil.com.br\/economia\/macroeconomia\/fazenda-ve-possibilidade-de-abertura-de-credito-extra-para-combate-a-incendios\/\" target=\"_self\" rel=\"noopener\"> <picture class=\"read-too__picture\"> <img decoding=\"async\" class=\"read-too__img\" src=\"https:\/\/www.cnnbrasil.com.br\/wp-content\/uploads\/sites\/12\/2024\/09\/2024-09-12T215711Z_2_LYNXMPEK8B0V5_RTROPTP_4_CLIMATE-CHANGE-LATAM-WILDFIRES-e1726187676536.jpg?w=200\" alt=\"Fazenda v\u00ea possibilidade de abertura de cr\u00e9dito extra para combate a inc\u00eandios\" title=\"Fazenda v\u00ea possibilidade de abertura de cr\u00e9dito extra para combate a inc\u00eandios'\" loading=\"lazy\"\/> <\/picture>\n<h3 class=\"read-too__post-title\">Fazenda v\u00ea possibilidade de abertura de cr\u00e9dito extra para combate a inc\u00eandios<\/h3>\n<p> <\/a><\/li>\n<li class=\"read-too__list-item\"> <a class=\"read-too__link\" href=\"https:\/\/www.cnnbrasil.com.br\/economia\/macroeconomia\/favaro-anuncia-acesso-a-financiamentos-para-produtores-afetados-por-queimadas\/\" target=\"_self\" rel=\"noopener\"> <picture class=\"read-too__picture\"> <img decoding=\"async\" class=\"read-too__img\" src=\"https:\/\/www.cnnbrasil.com.br\/wp-content\/uploads\/sites\/12\/2023\/04\/carlos-favaro-jorge-viana_mcamgo_abr_040420231818-3.jpg?w=200\" alt=\"F\u00e1varo anuncia acesso a financiamentos para produtores afetados por queimadas\" title=\"F\u00e1varo anuncia acesso a financiamentos para produtores afetados por queimadas'\" loading=\"lazy\"\/> <\/picture>\n<h3 class=\"read-too__post-title\">F\u00e1varo anuncia acesso a financiamentos para produtores afetados por queimadas<\/h3>\n<p> <\/a><\/li>\n<\/aside>\n<p>Conforme o ministro da Agricultura e Pecu\u00e1ria (Mapa), Carlos F\u00e1varo, as discuss\u00f5es do G20 Agro realizadas em Mato Grosso foram fundamentais, j\u00e1 que ap\u00f3s cinco anos, onde todos os grupos se dedicaram, conseguiu-se fazer uma declara\u00e7\u00e3o e n\u00e3o \u201csimplesmente cartas resumindo os trabalhos do G20\u201d.<\/p>\n<p>\u201cDesta vez, superados os desafios de diverg\u00eancias, conseguimos uma declara\u00e7\u00e3o, que certamente dar\u00e1 um novo rumo para a agropecu\u00e1ria e pesca sustent\u00e1vel do mundo\u201d, disse o ministro ao final das reuni\u00f5es do G20 Agro.<\/p>\n<h2>Implementa\u00e7\u00e3o das medidas<\/h2>\n<p>O ministro salientou ainda que a Declara\u00e7\u00e3o \u00e9 uma condicionante em que todos os participantes se comprometem na implementa\u00e7\u00e3o das medidas expostas no documento e que \u201cser\u00e1 fundamental para a finaliza\u00e7\u00e3o do G20, em novembro, pelos l\u00edderes mundiais\u201d.<\/p>\n<p>Foram realizadas quatro rodadas de reuni\u00f5es do Grupo de Trabalho Agricultura, nos meses de fevereiro, abril, maio e junho, finalizando agora em setembro com os encontros em Mato Grosso.<\/p>\n<p>A etapa final, frisa o Minist\u00e9rio da Agricultura, registrou o maior n\u00famero de ades\u00f5es de ministros desde a cria\u00e7\u00e3o do Grupo de Trabalho, em 2011.<\/p>\n<p>Ao todo, 23 ministros e autoridades ministeriais e um total de 43 delega\u00e7\u00f5es participantes, incluindo os pa\u00edses membros e dos blocos integrantes do G20, convidados e organismos internacionais, participaram.<\/p>\n<div class=\"post__video\">\n<div class=\"cnn component-video has--live\">\n<div class=\"component-inner\">\n<div id=\"player_noticias_8zd6yKvT9qQ\" class=\"video-wrapper \">\n<div class=\"video-wrapper-inner\">\n<div class=\"overlay-wrapper\"> <button class=\"video-button js-video-play active\" aria-label=\"Assista o v\u00eddeo Ministros debatem produ\u00e7\u00e3o sustent\u00e1vel de alimentos no G20 Agro | CNN 360\u00b0\" tabindex=\"0\"> <img decoding=\"async\" class=\"thumbnail-image\" src=\"https:\/\/img.youtube.com\/vi\/8zd6yKvT9qQ\/sddefault.jpg\" alt=\"Ministros debatem produ\u00e7\u00e3o sustent\u00e1vel de alimentos no G20 Agro | CNN 360\u00b0\"\/> <span class=\"video-play-button\" aria-label=\"Bot\u00e3o play do v\u00eddeo Ministros debatem produ\u00e7\u00e3o sustent\u00e1vel de alimentos no G20 Agro | CNN 360\u00b0\"\/> <span class=\"video-gradient\"\/> <span class=\"video-title\">Ministros debatem produ\u00e7\u00e3o sustent\u00e1vel de alimentos no G20 Agro | CNN 360\u00b0<\/span> <\/button> <\/div>\n<p> <span class=\"embedded-video video-player-wrapper\" data-youtube-plcmt=\"1\" data-youtube-vpmute=\"0\" data-youtube-width=\"640px\" data-youtube-height=\"480px\" data-youtube-ui=\"noticias\" data-youtube-play=\"0\" data-youtube-mute=\"0\" data-youtube-id=\"8zd6yKvT9qQ\" data-youtube-vpa=\"click\" data-youtube-hl=\"pt\" data-youtube-position=\"\"\/> <\/div>\n<\/p><\/div>\n<\/p><\/div>\n<\/p><\/div>\n<\/div>\n<\/div>\n<p><br \/>\n<br \/><a href=\"https:\/\/www.cnnbrasil.com.br\/economia\/macroeconomia\/declaracao-ministerial-do-g20-agro-tem-aprovacao-unanime\/\">Source link <\/a><\/p>\n","protected":false},"excerpt":{"rendered":"<p>A Declara\u00e7\u00e3o Ministerial, que visa dar um novo rumo para a produ\u00e7\u00e3o agropecu\u00e1ria e a pesca sustent\u00e1vel no mundo, foi<\/p>\n","protected":false},"author":1,"featured_media":1554,"comment_status":"open","ping_status":"open","sticky":false,"template":"","format":"standard","meta":{"_monsterinsights_skip_tracking":false,"_monsterinsights_sitenote_active":false,"_monsterinsights_sitenote_note":"","_monsterinsights_sitenote_category":0,"_uf_show_specific_survey":0,"_uf_disable_surveys":false,"footnotes":""},"categories":[1],"tags":[],"class_list":["post-1553","post","type-post","status-publish","format-standard","has-post-thumbnail","hentry","category-news"],"_links":{"self":[{"href":"https:\/\/agromt.news\/index.php?rest_route=\/wp\/v2\/posts\/1553"}],"collection":[{"href":"https:\/\/agromt.news\/index.php?rest_route=\/wp\/v2\/posts"}],"about":[{"href":"https:\/\/agromt.news\/index.php?rest_route=\/wp\/v2\/types\/post"}],"author":[{"embeddable":true,"href":"https:\/\/agromt.news\/index.php?rest_route=\/wp\/v2\/users\/1"}],"replies":[{"embeddable":true,"href":"https:\/\/agromt.news\/index.php?rest_route=%2Fwp%2Fv2%2Fcomments&post=1553"}],"version-history":[{"count":0,"href":"https:\/\/agromt.news\/index.php?rest_route=\/wp\/v2\/posts\/1553\/revisions"}],"wp:featuredmedia":[{"embeddable":true,"href":"https:\/\/agromt.news\/index.php?rest_route=\/wp\/v2\/media\/1554"}],"wp:attachment":[{"href":"https:\/\/agromt.news\/index.php?rest_route=%2Fwp%2Fv2%2Fmedia&parent=1553"}],"wp:term":[{"taxonomy":"category","embeddable":true,"href":"https:\/\/agromt.news\/index.php?rest_route=%2Fwp%2Fv2%2Fcategories&post=1553"},{"taxonomy":"post_tag","embeddable":true,"href":"https:\/\/agromt.news\/index.php?rest_route=%2Fwp%2Fv2%2Ftags&post=1553"}],"curies":[{"name":"wp","href":"https:\/\/api.w.org\/{rel}","templated":true}]}}