{"id":15525,"date":"2025-06-24T11:33:40","date_gmt":"2025-06-24T15:33:40","guid":{"rendered":"https:\/\/agromt.news\/?p=15525"},"modified":"2025-06-24T11:33:40","modified_gmt":"2025-06-24T15:33:40","slug":"milho-recua-na-b3-e-em-chicago","status":"publish","type":"post","link":"https:\/\/agromt.news\/?p=15525","title":{"rendered":"Milho recua na B3 e em Chicago"},"content":{"rendered":"<p> <br \/>\n<\/p>\n<div>\n<p>O mercado futuro de <a href=\"https:\/\/www.agrolink.com.br\/culturas\/milho?utm_source=agrolink-detalhe-noticia&amp;utm_medium=detalhe-noticia&amp;utm_campaign=links-internos&#9;\" target=\"_blank\" rel=\"noopener\">milho<\/a> apresentou resultados mistos na B3 ao longo da semana, refletindo a volatilidade entre os vencimentos mais pr\u00f3ximos e os de prazo maior. Na sexta-feira, o contrato de julho\/25 encerrou cotado a R$ 63,16, com leve alta de R$ 0,09 no dia, mas acumulando baixa de R$ 0,13 na semana. J\u00e1 o contrato julho\/25 registrou queda de R$ 0,19 no dia e de R$ 0,52 na semana, fechando em R$ 63,52. O vencimento setembro\/25, por sua vez, finalizou em R$ 67,24, com baixa de R$ 0,44 no dia e de R$ 0,71 na semana.&#13;\n<\/p>\n<p>De acordo com a TF Agroecon\u00f4mica, o milho na B3 segue lateralizado nas \u00faltimas semanas, contrastando com as exporta\u00e7\u00f5es brasileiras, que ainda n\u00e3o alcan\u00e7aram o ritmo dos anos anteriores. No cen\u00e1rio internacional, o milho negociado na bolsa de Chicago (CBOT) tamb\u00e9m apresentou quedas no acumulado da semana, influenciado pelo clima favor\u00e1vel nos Estados Unidos e por vendas t\u00e9cnicas de traders. Apesar das chuvas recentes impulsionarem a produtividade, as previs\u00f5es de calor e seca na regi\u00e3o central do pa\u00eds mant\u00eam o mercado em alerta.<\/p>\n<p>Na CBOT, o contrato de julho,\u00a0refer\u00eancia para a safra de ver\u00e3o brasileira,\u00a0recuou -1,10% no dia, fechando a $ 428,75\/bushel, enquanto o contrato de setembro, refer\u00eancia para a safrinha, caiu -0,82%, cotado a $ 425,50\/bushel. No acumulado da semana, a queda foi de -3,54% para o contrato de julho\/25, equivalente a $ -15,75 cents\/bushel, e de -0,70% para o contrato de setembro\/25, com recuo de $ 3,00 cents\/bushel.&#13;\n<\/p>\n<p>No cen\u00e1rio externo, destaca-se a previs\u00e3o da consultoria ucraniana Barva Invest, que estima a produ\u00e7\u00e3o de milho da Ucr\u00e2nia em 26 milh\u00f5es de toneladas. Na Fran\u00e7a, o FranceAgriMer classificou 83% da safra de milho 2025 como boa ou excelente at\u00e9 16 de junho, dois pontos abaixo da semana anterior, evidenciando que o clima continua sendo um fator decisivo para o mercado global de milho.<\/p>\n<p>&#13;<br \/>\n\u00a0<\/p>\n<\/p><\/div>\n<p><script data-cfasync=\"false\">\n    !function (f, b, e, v, n, t, s) {\n        if (f.fbq) return; n = f.fbq = function () {\n            n.callMethod ?\n                n.callMethod.apply(n, arguments) : n.queue.push(arguments)\n        };\n        if (!f._fbq) f._fbq = n; n.push = n; n.loaded = !0; n.version = '2.0';\n        n.queue = []; t = b.createElement(e); t.async = !0;\n        t.src = v; s = b.getElementsByTagName(e)[0];\n        s.parentNode.insertBefore(t, s)\n    }(window, document, 'script',\n        'https:\/\/connect.facebook.net\/en_US\/fbevents.js');\n    fbq('init', '522546078623747');\n    fbq('track', 'PageView');\n<\/script><br \/>\n<br \/><br \/>\n<br \/><a href=\"https:\/\/www.agrolink.com.br\/noticias\/milho-recua-na-b3-e-em-chicago_503137.html\">Source link <\/a><\/p>\n","protected":false},"excerpt":{"rendered":"<p>O mercado futuro de milho apresentou resultados mistos na B3 ao longo da semana, refletindo a volatilidade entre os vencimentos<\/p>\n","protected":false},"author":1,"featured_media":3271,"comment_status":"open","ping_status":"open","sticky":false,"template":"","format":"standard","meta":{"_monsterinsights_skip_tracking":false,"_monsterinsights_sitenote_active":false,"_monsterinsights_sitenote_note":"","_monsterinsights_sitenote_category":0,"_uf_show_specific_survey":0,"_uf_disable_surveys":false,"footnotes":""},"categories":[8,1,14],"tags":[],"class_list":["post-15525","post","type-post","status-publish","format-standard","has-post-thumbnail","hentry","category-agro","category-news","category-politica-agro"],"_links":{"self":[{"href":"https:\/\/agromt.news\/index.php?rest_route=\/wp\/v2\/posts\/15525"}],"collection":[{"href":"https:\/\/agromt.news\/index.php?rest_route=\/wp\/v2\/posts"}],"about":[{"href":"https:\/\/agromt.news\/index.php?rest_route=\/wp\/v2\/types\/post"}],"author":[{"embeddable":true,"href":"https:\/\/agromt.news\/index.php?rest_route=\/wp\/v2\/users\/1"}],"replies":[{"embeddable":true,"href":"https:\/\/agromt.news\/index.php?rest_route=%2Fwp%2Fv2%2Fcomments&post=15525"}],"version-history":[{"count":0,"href":"https:\/\/agromt.news\/index.php?rest_route=\/wp\/v2\/posts\/15525\/revisions"}],"wp:featuredmedia":[{"embeddable":true,"href":"https:\/\/agromt.news\/index.php?rest_route=\/wp\/v2\/media\/3271"}],"wp:attachment":[{"href":"https:\/\/agromt.news\/index.php?rest_route=%2Fwp%2Fv2%2Fmedia&parent=15525"}],"wp:term":[{"taxonomy":"category","embeddable":true,"href":"https:\/\/agromt.news\/index.php?rest_route=%2Fwp%2Fv2%2Fcategories&post=15525"},{"taxonomy":"post_tag","embeddable":true,"href":"https:\/\/agromt.news\/index.php?rest_route=%2Fwp%2Fv2%2Ftags&post=15525"}],"curies":[{"name":"wp","href":"https:\/\/api.w.org\/{rel}","templated":true}]}}