{"id":15522,"date":"2025-06-24T10:35:57","date_gmt":"2025-06-24T14:35:57","guid":{"rendered":"https:\/\/agromt.news\/?p=15522"},"modified":"2025-06-24T10:35:57","modified_gmt":"2025-06-24T14:35:57","slug":"ministerio-confirma-bloqueio-de-r-445-milhoes","status":"publish","type":"post","link":"https:\/\/agromt.news\/?p=15522","title":{"rendered":"minist\u00e9rio confirma bloqueio de R$ 445 milh\u00f5es"},"content":{"rendered":"<p> <br \/>\n<br \/><img decoding=\"async\" src=\"https:\/\/agromt.news\/wp-content\/uploads\/2025\/03\/FPA-quer-incluir-Plano-Safra-nas-despesas-obrigatorias-do-Orcamento.jpg\" \/><\/p>\n<div>\n<p>O Minist\u00e9rio da Agricultura e Pecu\u00e1ria <strong><a href=\"http:\/\/www.canalrural.com.br\/tag\/ministerio-da-agricultura\/\">(Mapa)<\/a><\/strong> confirmou nesta ter\u00e7a-feira (24) o bloqueio de cerca de R$ 445 milh\u00f5es previstos para o Programa de Subven\u00e7\u00e3o ao Pr\u00eamio do Seguro Rural (PSR).<\/p>\n<p>O contingenciamento ocorre para que o governo federal consiga cumprir suas metas fiscais. O minist\u00e9rio informa que \u201cesse cen\u00e1rio deve ser tempor\u00e1rio\u201d.<\/p>\n<p>\u201cVamos trabalhar para reverter esse bloqueio o mais r\u00e1pido poss\u00edvel, para n\u00e3o prejudicar as contrata\u00e7\u00f5es da safra de ver\u00e3o. Por se tratar de uma despesa discricion\u00e1ria, o or\u00e7amento do PSR est\u00e1 sempre sujeito a esse tipo de situa\u00e7\u00e3o\u201d, disse o secret\u00e1rio de Pol\u00edtica Agr\u00edcola, Guilherme Campos, em nota publicada no site do Mapa.<\/p>\n<\/div>\n<div>\n<p>Tamb\u00e9m nesta ter\u00e7a, o minist\u00e9rio publicou uma resolu\u00e7\u00e3o do Comit\u00ea Gestor Interministerial do Seguro Rural aprovando a distribui\u00e7\u00e3o PSR at\u00e9 o m\u00eas de agosto.<\/p>\n<p>A partir de junho, ser\u00e3o disponibilizados aos produtores mais R$ 280 milh\u00f5es contrata\u00e7\u00f5es de ap\u00f3lices para culturas de inverno; R$ 36 milh\u00f5es para frutas; R$ 7,5 milh\u00f5es para a modalidade de pecu\u00e1rio; R$ 1,5 milh\u00e3o para florestas; e R$ 35,5 milh\u00f5es para as demais culturas.<\/p>\n<p>\u201cCom esses recursos, estimamos que conseguiremos atender praticamente toda a demanda dos produtores para as culturas de inverno e sinalizamos mais valores para as demais atividades\u201d, afirmou Campos.<\/p>\n<\/p><\/div>\n<p><br \/>\n<br \/><a href=\"https:\/\/www.canalrural.com.br\/agricultura\/seguro-rural-ministerio-confirma-bloqueio-de-r-445-milhoes\/\">Source link <\/a><\/p>\n","protected":false},"excerpt":{"rendered":"<p>O Minist\u00e9rio da Agricultura e Pecu\u00e1ria (Mapa) confirmou nesta ter\u00e7a-feira (24) o bloqueio de cerca de R$ 445 milh\u00f5es previstos<\/p>\n","protected":false},"author":1,"featured_media":13274,"comment_status":"open","ping_status":"open","sticky":false,"template":"","format":"standard","meta":{"_monsterinsights_skip_tracking":false,"_monsterinsights_sitenote_active":false,"_monsterinsights_sitenote_note":"","_monsterinsights_sitenote_category":0,"_uf_show_specific_survey":0,"_uf_disable_surveys":false,"footnotes":""},"categories":[1],"tags":[],"class_list":["post-15522","post","type-post","status-publish","format-standard","has-post-thumbnail","hentry","category-news"],"_links":{"self":[{"href":"https:\/\/agromt.news\/index.php?rest_route=\/wp\/v2\/posts\/15522"}],"collection":[{"href":"https:\/\/agromt.news\/index.php?rest_route=\/wp\/v2\/posts"}],"about":[{"href":"https:\/\/agromt.news\/index.php?rest_route=\/wp\/v2\/types\/post"}],"author":[{"embeddable":true,"href":"https:\/\/agromt.news\/index.php?rest_route=\/wp\/v2\/users\/1"}],"replies":[{"embeddable":true,"href":"https:\/\/agromt.news\/index.php?rest_route=%2Fwp%2Fv2%2Fcomments&post=15522"}],"version-history":[{"count":0,"href":"https:\/\/agromt.news\/index.php?rest_route=\/wp\/v2\/posts\/15522\/revisions"}],"wp:featuredmedia":[{"embeddable":true,"href":"https:\/\/agromt.news\/index.php?rest_route=\/wp\/v2\/media\/13274"}],"wp:attachment":[{"href":"https:\/\/agromt.news\/index.php?rest_route=%2Fwp%2Fv2%2Fmedia&parent=15522"}],"wp:term":[{"taxonomy":"category","embeddable":true,"href":"https:\/\/agromt.news\/index.php?rest_route=%2Fwp%2Fv2%2Fcategories&post=15522"},{"taxonomy":"post_tag","embeddable":true,"href":"https:\/\/agromt.news\/index.php?rest_route=%2Fwp%2Fv2%2Ftags&post=15522"}],"curies":[{"name":"wp","href":"https:\/\/api.w.org\/{rel}","templated":true}]}}