{"id":15520,"date":"2025-06-24T10:22:17","date_gmt":"2025-06-24T14:22:17","guid":{"rendered":"https:\/\/agromt.news\/?p=15520"},"modified":"2025-06-24T10:22:17","modified_gmt":"2025-06-24T14:22:17","slug":"maior-oferta-pressiona-as-cotacoes","status":"publish","type":"post","link":"https:\/\/agromt.news\/?p=15520","title":{"rendered":"maior oferta pressiona as cota\u00e7\u00f5es"},"content":{"rendered":"<p> <br \/>\n<br \/><img decoding=\"async\" src=\"https:\/\/agromt.news\/wp-content\/uploads\/2025\/06\/maior-oferta-pressiona-as-cotacoes.jpg\" \/><\/p>\n<div>\n<p>Os pre\u00e7os da melancia gra\u00fada, superior \u00e0 12 quilos, recuaram novamente na semana passada. \u00c9 isso que mostram os levantamentos do \u00a0<a href=\"https:\/\/www.canalrural.com.br\/tag\/cepea\/\">Centro de Estudos Avan\u00e7ados em Economia Aplicada (Cepea)<\/a>.<\/p>\n<p>Segundo agentes consultados pelo Hortifr\u00fati\/Cepea, as sucessivas quedas t\u00eam sido registradas desde o in\u00edcio do m\u00eas. De acordo com o instituto elas\u00a0 se devem ao aumento de oferta tanto em Uruana (GO) quanto no Tocantins.\u00a0<\/p>\n<p>Al\u00e9m disso, term\u00f4metros mais amenos no Sul e no Sudeste t\u00eam enfraquecido a demanda, refor\u00e7ando as baixas nos valores. Levantamento do Hortifr\u00fati\/Cepea mostra que os pre\u00e7os das melancias de calibres m\u00e9dio e mi\u00fado em Uruana (GO) foram de R$ 0,33\/kg e de R$ 0,26\/kg, respectivamente. Segundo produtores, estes patamares s\u00e3o insuficientes para cobrir os principais custos de produ\u00e7\u00e3o.\u00a0<\/p>\n<\/div>\n<div>\n<p>Para a melancia de maior calibre (&gt;12kg), os pre\u00e7os recuaram 26%, com a m\u00e9dia semanal a R$ 0,44\/kg. Pesquisadores do Hortifr\u00fati\/Cepea indicam que a disponibilidade da fruta deve seguir crescendo, devido ao avan\u00e7o da colheita em Goi\u00e1s.\u00a0<\/p>\n<p>Assim, caso a demanda n\u00e3o volte a se aquecer, as cota\u00e7\u00f5es devem seguir enfraquecidas, pressionando ainda mais os resultados financeiros dos produtores em junho.<\/p>\n<p><em>*Sob supervis\u00e3o de Luis Roberto Toledo<\/em><\/p>\n<\/p><\/div>\n<p><br \/>\n<br \/><a href=\"https:\/\/www.canalrural.com.br\/agricultura\/hortifruti\/melancia-maior-oferta-pressiona-as-cotacoes\/\">Source link <\/a><\/p>\n","protected":false},"excerpt":{"rendered":"<p>Os pre\u00e7os da melancia gra\u00fada, superior \u00e0 12 quilos, recuaram novamente na semana passada. \u00c9 isso que mostram os levantamentos<\/p>\n","protected":false},"author":1,"featured_media":15521,"comment_status":"open","ping_status":"open","sticky":false,"template":"","format":"standard","meta":{"_monsterinsights_skip_tracking":false,"_monsterinsights_sitenote_active":false,"_monsterinsights_sitenote_note":"","_monsterinsights_sitenote_category":0,"_uf_show_specific_survey":0,"_uf_disable_surveys":false,"footnotes":""},"categories":[1],"tags":[],"class_list":["post-15520","post","type-post","status-publish","format-standard","has-post-thumbnail","hentry","category-news"],"_links":{"self":[{"href":"https:\/\/agromt.news\/index.php?rest_route=\/wp\/v2\/posts\/15520"}],"collection":[{"href":"https:\/\/agromt.news\/index.php?rest_route=\/wp\/v2\/posts"}],"about":[{"href":"https:\/\/agromt.news\/index.php?rest_route=\/wp\/v2\/types\/post"}],"author":[{"embeddable":true,"href":"https:\/\/agromt.news\/index.php?rest_route=\/wp\/v2\/users\/1"}],"replies":[{"embeddable":true,"href":"https:\/\/agromt.news\/index.php?rest_route=%2Fwp%2Fv2%2Fcomments&post=15520"}],"version-history":[{"count":0,"href":"https:\/\/agromt.news\/index.php?rest_route=\/wp\/v2\/posts\/15520\/revisions"}],"wp:featuredmedia":[{"embeddable":true,"href":"https:\/\/agromt.news\/index.php?rest_route=\/wp\/v2\/media\/15521"}],"wp:attachment":[{"href":"https:\/\/agromt.news\/index.php?rest_route=%2Fwp%2Fv2%2Fmedia&parent=15520"}],"wp:term":[{"taxonomy":"category","embeddable":true,"href":"https:\/\/agromt.news\/index.php?rest_route=%2Fwp%2Fv2%2Fcategories&post=15520"},{"taxonomy":"post_tag","embeddable":true,"href":"https:\/\/agromt.news\/index.php?rest_route=%2Fwp%2Fv2%2Ftags&post=15520"}],"curies":[{"name":"wp","href":"https:\/\/api.w.org\/{rel}","templated":true}]}}