{"id":15516,"date":"2025-06-24T09:37:24","date_gmt":"2025-06-24T13:37:24","guid":{"rendered":"https:\/\/agromt.news\/?p=15516"},"modified":"2025-06-24T09:37:24","modified_gmt":"2025-06-24T13:37:24","slug":"precos-do-cafe-caem-em-junho-no-parana","status":"publish","type":"post","link":"https:\/\/agromt.news\/?p=15516","title":{"rendered":"Pre\u00e7os do caf\u00e9 caem em junho no Paran\u00e1"},"content":{"rendered":"<p> <br \/>\n<\/p>\n<div>\n<p style=\"text-align:justify\">Os pre\u00e7os recebidos pelos produtores de caf\u00e9 no Paran\u00e1 registraram queda em maio e apresentam nova retra\u00e7\u00e3o em junho, segundo o Boletim de Conjuntura Agropecu\u00e1ria divulgado na \u00faltima quarta-feira (18) pelo Departamento de Economia Rural (Deral), da Secretaria de Estado da Agricultura e do Abastecimento (Seab).&#13;\n<\/p>\n<p style=\"text-align:justify\">De acordo com o levantamento, os valores pagos pela saca de caf\u00e9 beneficiado recuaram 1% em maio, alcan\u00e7ando m\u00e9dia de R$ 2.361,33. A cota\u00e7\u00e3o di\u00e1ria de 18 de junho indica novo recuo, com o pre\u00e7o sendo negociado a R$ 2.083,57, o que representa redu\u00e7\u00e3o de 13% em rela\u00e7\u00e3o aos valores praticados em meados de maio.<\/p>\n<p style=\"text-align:justify\">Apesar da desvaloriza\u00e7\u00e3o recente, os analistas do Deral destacam que os pre\u00e7os atuais est\u00e3o \u201cmuito superiores em rela\u00e7\u00e3o \u00e0 safra anterior\u201d, chegando a quase o dobro da m\u00e9dia registrada em junho de 2024, que foi de R$ 1.151,55. Outro fator relevante \u00e9 a margem positiva em rela\u00e7\u00e3o aos custos totais de produ\u00e7\u00e3o, estimados em R$ 1.186,69 por saca em maio.&#13;\n<\/p>\n<p style=\"text-align:justify\">Com 36% da colheita conclu\u00edda sobre uma produ\u00e7\u00e3o estimada de 713 mil sacas para 2025, os produtores come\u00e7am a comercializar volumes maiores e a capturar parte da valoriza\u00e7\u00e3o acumulada durante a entressafra. Segundo o Deral, o pico de pre\u00e7os ocorreu em fevereiro, quando cerca de dois ter\u00e7os da safra de 2024 j\u00e1 haviam sido vendidos. Muitos cafeicultores n\u00e3o tinham produto dispon\u00edvel para comercializar naquele per\u00edodo.<\/p>\n<p style=\"text-align:justify\">At\u00e9 maio deste ano, apenas 1% da nova safra havia sido comercializada. A expectativa \u00e9 que o percentual suba significativamente em junho, superando os 11% registrados no mesmo per\u00edodo da safra anterior.<\/p>\n<p style=\"text-align:justify\">O impacto da alta de pre\u00e7os tamb\u00e9m j\u00e1 aparece no Valor Bruto da Produ\u00e7\u00e3o (VBP) regional. Carl\u00f3polis, respons\u00e1vel por um quarto da produ\u00e7\u00e3o estadual de caf\u00e9, apresentou o maior aumento absoluto de VBP no Paran\u00e1 em 2024, saltando de R$ 513 milh\u00f5es para R$ 763 milh\u00f5es, impulsionado especialmente pela cafeicultura.&#13;\n<\/p>\n<p style=\"text-align:justify\">O levantamento do Deral indica ainda que o VBP do caf\u00e9 no Paran\u00e1 ultrapassou novamente a marca de R$ 1 bilh\u00e3o. O resultado estadual subiu de R$ 563 milh\u00f5es em 2023 para R$ 1,1 bilh\u00e3o em 2024. Parte desses recursos deve ser reinvestida na renova\u00e7\u00e3o do parque cafeeiro paranaense. Os dados preliminares do VBP foram divulgados no dia 16 de junho.<\/p>\n<\/p><\/div>\n<p><script data-cfasync=\"false\">\n    !function (f, b, e, v, n, t, s) {\n        if (f.fbq) return; n = f.fbq = function () {\n            n.callMethod ?\n                n.callMethod.apply(n, arguments) : n.queue.push(arguments)\n        };\n        if (!f._fbq) f._fbq = n; n.push = n; n.loaded = !0; n.version = '2.0';\n        n.queue = []; t = b.createElement(e); t.async = !0;\n        t.src = v; s = b.getElementsByTagName(e)[0];\n        s.parentNode.insertBefore(t, s)\n    }(window, document, 'script',\n        'https:\/\/connect.facebook.net\/en_US\/fbevents.js');\n    fbq('init', '522546078623747');\n    fbq('track', 'PageView');\n<\/script><br \/>\n<br \/><br \/>\n<br \/><a href=\"https:\/\/www.agrolink.com.br\/noticias\/precos-do-cafe-caem-em-junho-no-parana_503138.html\">Source link <\/a><\/p>\n","protected":false},"excerpt":{"rendered":"<p>Os pre\u00e7os recebidos pelos produtores de caf\u00e9 no Paran\u00e1 registraram queda em maio e apresentam nova retra\u00e7\u00e3o em junho, segundo<\/p>\n","protected":false},"author":1,"featured_media":2643,"comment_status":"open","ping_status":"open","sticky":false,"template":"","format":"standard","meta":{"_monsterinsights_skip_tracking":false,"_monsterinsights_sitenote_active":false,"_monsterinsights_sitenote_note":"","_monsterinsights_sitenote_category":0,"_uf_show_specific_survey":0,"_uf_disable_surveys":false,"footnotes":""},"categories":[8,1,14],"tags":[],"class_list":["post-15516","post","type-post","status-publish","format-standard","has-post-thumbnail","hentry","category-agro","category-news","category-politica-agro"],"_links":{"self":[{"href":"https:\/\/agromt.news\/index.php?rest_route=\/wp\/v2\/posts\/15516"}],"collection":[{"href":"https:\/\/agromt.news\/index.php?rest_route=\/wp\/v2\/posts"}],"about":[{"href":"https:\/\/agromt.news\/index.php?rest_route=\/wp\/v2\/types\/post"}],"author":[{"embeddable":true,"href":"https:\/\/agromt.news\/index.php?rest_route=\/wp\/v2\/users\/1"}],"replies":[{"embeddable":true,"href":"https:\/\/agromt.news\/index.php?rest_route=%2Fwp%2Fv2%2Fcomments&post=15516"}],"version-history":[{"count":0,"href":"https:\/\/agromt.news\/index.php?rest_route=\/wp\/v2\/posts\/15516\/revisions"}],"wp:featuredmedia":[{"embeddable":true,"href":"https:\/\/agromt.news\/index.php?rest_route=\/wp\/v2\/media\/2643"}],"wp:attachment":[{"href":"https:\/\/agromt.news\/index.php?rest_route=%2Fwp%2Fv2%2Fmedia&parent=15516"}],"wp:term":[{"taxonomy":"category","embeddable":true,"href":"https:\/\/agromt.news\/index.php?rest_route=%2Fwp%2Fv2%2Fcategories&post=15516"},{"taxonomy":"post_tag","embeddable":true,"href":"https:\/\/agromt.news\/index.php?rest_route=%2Fwp%2Fv2%2Ftags&post=15516"}],"curies":[{"name":"wp","href":"https:\/\/api.w.org\/{rel}","templated":true}]}}