{"id":15513,"date":"2025-06-24T09:09:46","date_gmt":"2025-06-24T13:09:46","guid":{"rendered":"https:\/\/agromt.news\/?p=15513"},"modified":"2025-06-24T09:09:46","modified_gmt":"2025-06-24T13:09:46","slug":"conciliacao-no-stf-mantem-marco-temporal-para-terras-indigenas","status":"publish","type":"post","link":"https:\/\/agromt.news\/?p=15513","title":{"rendered":"Concilia\u00e7\u00e3o no STF mant\u00e9m marco temporal para terras ind\u00edgenas"},"content":{"rendered":"<p> <br \/>\n<br \/><img decoding=\"async\" src=\"https:\/\/agromt.news\/wp-content\/uploads\/2025\/06\/Conciliacao-no-STF-mantem-marco-temporal-para-terras-indigenas.jpg\" \/><\/p>\n<div>\n<p>O Supremo Tribunal Federal <strong><a href=\"http:\/\/www.canalrural.com.br\/tag\/STF\/\">(STF)<\/a><\/strong> realizou nesta segunda-feira (23) a \u00faltima reuni\u00e3o da comiss\u00e3o de concilia\u00e7\u00e3o convocada pelo ministro Gilmar Mendes sobre o marco temporal para demarca\u00e7\u00e3o de terras ind\u00edgenas.<\/p>\n<p>Ap\u00f3s nove meses de trabalho, foi elaborada uma minuta com sugest\u00f5es de um anteprojeto que ser\u00e1 enviado ao Congresso Nacional para altera\u00e7\u00e3o na lei 14.701 de 2023, norma que, apesar de tratar direitos dos povos ind\u00edgenas, inseriu o marco temporal para as demarca\u00e7\u00f5es.<\/p>\n<p>Pela tese do marco temporal, os ind\u00edgenas somente t\u00eam direito \u00e0s terras que estavam em sua posse no dia 5 de outubro de 1988, data da promulga\u00e7\u00e3o da Constitui\u00e7\u00e3o Federal, ou que estavam em disputa judicial na \u00e9poca.<\/p>\n<p>A quest\u00e3o do marco temporal n\u00e3o foi alterada porque n\u00e3o houve consenso.<\/p>\n<p>Al\u00e9m disso, no ano passado, Gilmar Mendes negou uma liminar contra a suspens\u00e3o da regra e enviou o caso para concilia\u00e7\u00e3o.<\/p>\n<p>Tamb\u00e9m n\u00e3o h\u00e1 consenso sobre o procedimento de indeniza\u00e7\u00e3o dos propriet\u00e1rios de terras ap\u00f3s o reconhecimento de que eles ocupam uma terra ind\u00edgena.<\/p>\n<p>As regras est\u00e3o sendo elaboradas pela Advocacia-Geral da Uni\u00e3o (AGU) e dever\u00e3o ser protocoladas no STF at\u00e9 quinta-feira (26).<\/p>\n<\/div>\n<div>\n<h2 class=\"wp-block-heading\" id=\"h-minuta\">Minuta<\/h2>\n<p>A minuta apresenta pontos de consenso entre os representantes do Senado, da C\u00e2mara dos Deputados, do Minist\u00e9rio dos Povos Ind\u00edgenas (MPI), da Funda\u00e7\u00e3o Nacional dos Povos Ind\u00edgenas (Funai) e de estados e munic\u00edpios.<\/p>\n<p>A aprova\u00e7\u00e3o n\u00e3o contou com a participa\u00e7\u00e3o ampla dos povos ind\u00edgenas.<\/p>\n<p>Em agosto do ano passado, representantes da Articula\u00e7\u00e3o dos Povos Ind\u00edgenas (Apib) se retiraram da concilia\u00e7\u00e3o. A entidade entendeu que os direitos dos ind\u00edgenas s\u00e3o inegoci\u00e1veis e n\u00e3o h\u00e1 paridade no debate.<\/p>\n<p>O documento trata de pontos consensuais que, em alguns casos, j\u00e1 constam na lei 14.701\/2323 e foram explicitados, como permiss\u00e3o para turismo em \u00e1reas ind\u00edgenas, desde que seja autorizado pelos ind\u00edgenas, al\u00e9m da obrigatoriedade de participa\u00e7\u00e3o de estados e munic\u00edpios no processo de demarca\u00e7\u00e3o.<\/p>\n<p>A minuta tamb\u00e9m prev\u00ea que o processo demarcat\u00f3rio, que \u00e9 realizado pela Funai, dever\u00e1 ser p\u00fablico, e os atos dever\u00e3o ser amplamente divulgados.<\/p>\n<p>Em dezembro de 2022, o Congresso Nacional derrubou o veto do presidente Luiz In\u00e1cio Lula da Silva ao projeto de lei que validou o marco.<\/p>\n<p>Em setembro, antes da decis\u00e3o dos parlamentares, o Supremo decidiu contra o marco. A decis\u00e3o da Corte foi levada em conta pela equipe jur\u00eddica do Pal\u00e1cio do Planalto para justificar o veto presidencial.<\/p>\n<\/p><\/div>\n<p><br \/>\n<br \/><a href=\"https:\/\/www.canalrural.com.br\/politica\/conciliacao-no-stf-mantem-marco-temporal-para-terras-indigenas\/\">Source link <\/a><\/p>\n","protected":false},"excerpt":{"rendered":"<p>O Supremo Tribunal Federal (STF) realizou nesta segunda-feira (23) a \u00faltima reuni\u00e3o da comiss\u00e3o de concilia\u00e7\u00e3o convocada pelo ministro Gilmar<\/p>\n","protected":false},"author":1,"featured_media":15514,"comment_status":"open","ping_status":"open","sticky":false,"template":"","format":"standard","meta":{"_monsterinsights_skip_tracking":false,"_monsterinsights_sitenote_active":false,"_monsterinsights_sitenote_note":"","_monsterinsights_sitenote_category":0,"_uf_show_specific_survey":0,"_uf_disable_surveys":false,"footnotes":""},"categories":[1],"tags":[],"class_list":["post-15513","post","type-post","status-publish","format-standard","has-post-thumbnail","hentry","category-news"],"_links":{"self":[{"href":"https:\/\/agromt.news\/index.php?rest_route=\/wp\/v2\/posts\/15513"}],"collection":[{"href":"https:\/\/agromt.news\/index.php?rest_route=\/wp\/v2\/posts"}],"about":[{"href":"https:\/\/agromt.news\/index.php?rest_route=\/wp\/v2\/types\/post"}],"author":[{"embeddable":true,"href":"https:\/\/agromt.news\/index.php?rest_route=\/wp\/v2\/users\/1"}],"replies":[{"embeddable":true,"href":"https:\/\/agromt.news\/index.php?rest_route=%2Fwp%2Fv2%2Fcomments&post=15513"}],"version-history":[{"count":0,"href":"https:\/\/agromt.news\/index.php?rest_route=\/wp\/v2\/posts\/15513\/revisions"}],"wp:featuredmedia":[{"embeddable":true,"href":"https:\/\/agromt.news\/index.php?rest_route=\/wp\/v2\/media\/15514"}],"wp:attachment":[{"href":"https:\/\/agromt.news\/index.php?rest_route=%2Fwp%2Fv2%2Fmedia&parent=15513"}],"wp:term":[{"taxonomy":"category","embeddable":true,"href":"https:\/\/agromt.news\/index.php?rest_route=%2Fwp%2Fv2%2Fcategories&post=15513"},{"taxonomy":"post_tag","embeddable":true,"href":"https:\/\/agromt.news\/index.php?rest_route=%2Fwp%2Fv2%2Ftags&post=15513"}],"curies":[{"name":"wp","href":"https:\/\/api.w.org\/{rel}","templated":true}]}}