{"id":15511,"date":"2025-06-24T08:12:43","date_gmt":"2025-06-24T12:12:43","guid":{"rendered":"https:\/\/agromt.news\/?p=15511"},"modified":"2025-06-24T08:12:43","modified_gmt":"2025-06-24T12:12:43","slug":"frente-fria-avanca-e-provoca-geada-chuva-e-ventania-veja-previsao-do-tempo-para-hoje","status":"publish","type":"post","link":"https:\/\/agromt.news\/?p=15511","title":{"rendered":"Frente fria avan\u00e7a e provoca geada, chuva e ventania; veja previs\u00e3o do tempo para hoje"},"content":{"rendered":"<p> <br \/>\n<\/p>\n<div>\n<p>Nesta ter\u00e7a-feira (24), o sol predominar\u00e1 em grande parte da regi\u00e3o Sul, com chance de pancadas isoladas apenas na faixa leste e nordeste do Paran\u00e1, devido \u00e0 circula\u00e7\u00e3o mar\u2013continente. H\u00e1 previs\u00e3o de geada em boa parte do <strong><a href=\"https:\/\/www.canalrural.com.br\/nacional\/rio-grande-do-sul\/\">Rio Grande do Sul<\/a><\/strong>, de Santa Catarina e do Paran\u00e1. <\/p>\n<p>As rajadas de vento soprar\u00e3o entre 51 e 70 km\/h no leste ga\u00facho e catarinense; no litoral norte do Rio Grande do Sul, podem chegar a 90 km\/h. <\/p>\n<p>Na regi\u00e3o Sudeste, a frente fria progride lentamente, deixando o tempo inst\u00e1vel em S\u00e3o Paulo (sobretudo no sul do estado), no sul de Minas Gerais e no Rio de Janeiro, com pancadas de moderada a forte intensidade ao longo do dia. <\/p>\n<p>No sudeste paulista, no centro-norte mineiro e no Esp\u00edrito Santo, o c\u00e9u ficar\u00e1 claro, e o calor se far\u00e1 sentir especialmente no norte de Minas e no Esp\u00edrito Santo, em virtude do efeito pr\u00e9-frontal. <\/p>\n<figure class=\"wp-block-image size-large\"><img fetchpriority=\"high\" decoding=\"async\" width=\"1024\" height=\"1024\" alt=\"\" class=\"wp-image-4105976\"  data-lazy- src=\"https:\/\/agromt.news\/wp-content\/uploads\/2025\/06\/Frente-fria-avanca-e-provoca-geada-chuva-e-ventania-veja.png\"\/><img decoding=\"async\" width=\"1024\" height=\"1024\" src=\"https:\/\/agromt.news\/wp-content\/uploads\/2025\/06\/Frente-fria-avanca-e-provoca-geada-chuva-e-ventania-veja.png\" alt=\"\" class=\"wp-image-4105976\"  \/><\/figure>\n<p>H\u00e1 risco de geada na faixa sul do estado de S\u00e3o Paulo, pelo avan\u00e7o da massa de ar polar. Rajadas de 51 a 70 km\/h s\u00e3o esperadas no Vale do Para\u00edba, na Zona da Mata Mineira e na capital fluminense. <\/p>\n<\/div>\n<div>\n<p>No Centro-Oeste, a frente fria continuar\u00e1 seu deslocamento lento, provocando pancadas de chuva moderada a forte em Mato Grosso, no norte de Mato Grosso do Sul e no centro-sul de Goi\u00e1s. Enquanto isso, o Distrito Federal, o norte de Goi\u00e1s e o nordeste de Mato Grosso ter\u00e3o tempo firme e temperaturas elevadas no pr\u00e9-frontal. <\/p>\n<p>Em Mato Grosso do Sul, o tempo volta a estabilizar na faixa central e sul, mas, com o ingresso de ar polar, a sensa\u00e7\u00e3o t\u00e9rmica tende a cair. H\u00e1 previs\u00e3o de geada nessas \u00e1reas. <\/p>\n<p>No Nordeste, a chuva se concentrar\u00e1 entre o litoral norte da Bahia e o litoral leste do Rio Grande do Norte, com volume moderado a forte, novamente estimulado pela circula\u00e7\u00e3o mar\u2013continente. <\/p>\n<p>H\u00e1 alerta de temporais em Aracaju, Macei\u00f3, Recife, Jo\u00e3o Pessoa e Natal. Nas demais \u00e1reas \u2014 interior da Bahia, sul do Piau\u00ed e do Maranh\u00e3o \u2014, o tempo permanece firme, o ar seco predomina e a umidade relativa despenca nos hor\u00e1rios mais quentes. <\/p>\n<p>Por fim, na regi\u00e3o Norte, pancadas moderadas a fortes ocorrer\u00e3o em Rond\u00f4nia, Acre, Amazonas, Roraima, oeste do Par\u00e1 e Amap\u00e1, com destaque para esta \u00faltima, onde a Zona de Converg\u00eancia Intertropical (ZCIT) refor\u00e7a os temporais. <\/p>\n<p>No sudeste do Par\u00e1 e no Tocantins, o tempo fica est\u00e1vel, mas a umidade diminui nas horas de sol intenso.<\/p>\n<\/p><\/div>\n<p><br \/>\n<br \/><a href=\"https:\/\/www.canalrural.com.br\/diversos\/frente-fria-avanca-e-provoca-geada-chuva-e-ventania-veja-previsao-do-tempo-para-hoje\/\">Source link <\/a><\/p>\n","protected":false},"excerpt":{"rendered":"<p>Nesta ter\u00e7a-feira (24), o sol predominar\u00e1 em grande parte da regi\u00e3o Sul, com chance de pancadas isoladas apenas na faixa<\/p>\n","protected":false},"author":1,"featured_media":15512,"comment_status":"open","ping_status":"open","sticky":false,"template":"","format":"standard","meta":{"_monsterinsights_skip_tracking":false,"_monsterinsights_sitenote_active":false,"_monsterinsights_sitenote_note":"","_monsterinsights_sitenote_category":0,"_uf_show_specific_survey":0,"_uf_disable_surveys":false,"footnotes":""},"categories":[1],"tags":[],"class_list":["post-15511","post","type-post","status-publish","format-standard","has-post-thumbnail","hentry","category-news"],"_links":{"self":[{"href":"https:\/\/agromt.news\/index.php?rest_route=\/wp\/v2\/posts\/15511"}],"collection":[{"href":"https:\/\/agromt.news\/index.php?rest_route=\/wp\/v2\/posts"}],"about":[{"href":"https:\/\/agromt.news\/index.php?rest_route=\/wp\/v2\/types\/post"}],"author":[{"embeddable":true,"href":"https:\/\/agromt.news\/index.php?rest_route=\/wp\/v2\/users\/1"}],"replies":[{"embeddable":true,"href":"https:\/\/agromt.news\/index.php?rest_route=%2Fwp%2Fv2%2Fcomments&post=15511"}],"version-history":[{"count":0,"href":"https:\/\/agromt.news\/index.php?rest_route=\/wp\/v2\/posts\/15511\/revisions"}],"wp:featuredmedia":[{"embeddable":true,"href":"https:\/\/agromt.news\/index.php?rest_route=\/wp\/v2\/media\/15512"}],"wp:attachment":[{"href":"https:\/\/agromt.news\/index.php?rest_route=%2Fwp%2Fv2%2Fmedia&parent=15511"}],"wp:term":[{"taxonomy":"category","embeddable":true,"href":"https:\/\/agromt.news\/index.php?rest_route=%2Fwp%2Fv2%2Fcategories&post=15511"},{"taxonomy":"post_tag","embeddable":true,"href":"https:\/\/agromt.news\/index.php?rest_route=%2Fwp%2Fv2%2Ftags&post=15511"}],"curies":[{"name":"wp","href":"https:\/\/api.w.org\/{rel}","templated":true}]}}