{"id":15509,"date":"2025-06-24T07:59:05","date_gmt":"2025-06-24T11:59:05","guid":{"rendered":"https:\/\/agromt.news\/?p=15509"},"modified":"2025-06-24T07:59:05","modified_gmt":"2025-06-24T11:59:05","slug":"familia-paulista-aposta-na-praticidade-e-lanca-quentao-no-pote","status":"publish","type":"post","link":"https:\/\/agromt.news\/?p=15509","title":{"rendered":"Fam\u00edlia paulista aposta na praticidade e lan\u00e7a quent\u00e3o no pote"},"content":{"rendered":"<p> <br \/>\n<br \/><img decoding=\"async\" src=\"https:\/\/agromt.news\/wp-content\/uploads\/2025\/06\/Familia-paulista-aposta-na-praticidade-e-lanca-quentao-no-pote.png\" \/><\/p>\n<div>\n<p>No clima do S\u00e3o Jo\u00e3o, quando o cheirinho de quent\u00e3o invade das <a href=\"https:\/\/www.canalrural.com.br\/empreendedorismo\/festas-juninas-impulsionam-o-empreendedorismo-rural\/\">festas juninas<\/a>, a fam\u00edlia de Ana Zilda, de Embu Gua\u00e7u (SP), resolveu dar um toque especial: lan\u00e7ou o quent\u00e3o no pote! A ideia que mistura tradi\u00e7\u00e3o e praticidade recebeu o nome de \u2018Gengibr\u00e3o do V\u00f4 Paulo\u2019.<\/p>\n<p>\u201cPegamos a receita, que j\u00e1 levava gengibre, cravo, canela e a\u00e7\u00facar mascavo, e acrescentamos a\u00e7afr\u00e3o e l\u00edrio do brejo, que tamb\u00e9m cultivamos. Acrescentando essas duas especiarias, agregou mais valor e propriedade terap\u00eautica para o quent\u00e3o\u201d, diz Coutinho. <\/p>\n<p>Junto com o marido e o filho, Coutinho cultiva especiarias em um sistema agroflorestal biodin\u00e2mico e j\u00e1 conta com a certifica\u00e7\u00e3o org\u00e2nica.<\/p>\n<\/div>\n<div>\n<p>Para consumir o quent\u00e3o no pote, o preparo \u00e9 simples: basta aquecer um litro e meio de \u00e1gua e acrescentar o conte\u00fado do pote. A convite do <a href=\"https:\/\/sp.agenciasebrae.com.br\/\">Sebrae<\/a>, a novidade foi apresentada na feira internacional <a href=\"https:\/\/www.canalrural.com.br\/empreendedorismo\/sebrae-impulsiona-pequenos-negocios-na-bio-brazil-fair-e-naturaltech\/\">Bio Brazil Fair\/Biofach Am\u00e9rica Latina e a Naturaltech 2025<\/a>, realizada no distrito do Anhembi, em S\u00e3o Paulo. <\/p>\n<ul class=\"wp-block-list\">\n<li><em>Participe do Porteira Aberta Empreender: envie perguntas, sugest\u00f5es e conte sua hist\u00f3ria de empreendedorismo pelo <\/em><a href=\"https:\/\/api.whatsapp.com\/send?phone=5511932796720&amp;PorteiraAbertaEmpreender=SuaMensagem\"><strong>WhatsApp<\/strong><\/a><\/li>\n<\/ul>\n<p>Al\u00e9m de impulsionar as vendas nas festas juninas, a aposta da fam\u00edlia tem potencial para manter a produ\u00e7\u00e3o durante todo o ano. \u201cAgora no inverno aumenta bastante as vendas, mas a gente tamb\u00e9m vende uma vers\u00e3o gelada. Trazendo uma bebida que \u00e9 muito t\u00edpica do inverno [festas juninas] para o ver\u00e3o tamb\u00e9m\u201d, conta Coutinho, orgulhosa do seu produto.<\/p>\n<\/p><\/div>\n<p><br \/>\n<br \/><a href=\"https:\/\/www.canalrural.com.br\/empreendedorismo\/familia-paulista-aposta-na-praticidade-e-lanca-quentao-no-pote\/\">Source link <\/a><\/p>\n","protected":false},"excerpt":{"rendered":"<p>No clima do S\u00e3o Jo\u00e3o, quando o cheirinho de quent\u00e3o invade das festas juninas, a fam\u00edlia de Ana Zilda, de<\/p>\n","protected":false},"author":1,"featured_media":15510,"comment_status":"open","ping_status":"open","sticky":false,"template":"","format":"standard","meta":{"_monsterinsights_skip_tracking":false,"_monsterinsights_sitenote_active":false,"_monsterinsights_sitenote_note":"","_monsterinsights_sitenote_category":0,"_uf_show_specific_survey":0,"_uf_disable_surveys":false,"footnotes":""},"categories":[1],"tags":[],"class_list":["post-15509","post","type-post","status-publish","format-standard","has-post-thumbnail","hentry","category-news"],"_links":{"self":[{"href":"https:\/\/agromt.news\/index.php?rest_route=\/wp\/v2\/posts\/15509"}],"collection":[{"href":"https:\/\/agromt.news\/index.php?rest_route=\/wp\/v2\/posts"}],"about":[{"href":"https:\/\/agromt.news\/index.php?rest_route=\/wp\/v2\/types\/post"}],"author":[{"embeddable":true,"href":"https:\/\/agromt.news\/index.php?rest_route=\/wp\/v2\/users\/1"}],"replies":[{"embeddable":true,"href":"https:\/\/agromt.news\/index.php?rest_route=%2Fwp%2Fv2%2Fcomments&post=15509"}],"version-history":[{"count":0,"href":"https:\/\/agromt.news\/index.php?rest_route=\/wp\/v2\/posts\/15509\/revisions"}],"wp:featuredmedia":[{"embeddable":true,"href":"https:\/\/agromt.news\/index.php?rest_route=\/wp\/v2\/media\/15510"}],"wp:attachment":[{"href":"https:\/\/agromt.news\/index.php?rest_route=%2Fwp%2Fv2%2Fmedia&parent=15509"}],"wp:term":[{"taxonomy":"category","embeddable":true,"href":"https:\/\/agromt.news\/index.php?rest_route=%2Fwp%2Fv2%2Fcategories&post=15509"},{"taxonomy":"post_tag","embeddable":true,"href":"https:\/\/agromt.news\/index.php?rest_route=%2Fwp%2Fv2%2Ftags&post=15509"}],"curies":[{"name":"wp","href":"https:\/\/api.w.org\/{rel}","templated":true}]}}