{"id":15502,"date":"2025-06-24T03:48:26","date_gmt":"2025-06-24T07:48:26","guid":{"rendered":"https:\/\/agromt.news\/?p=15502"},"modified":"2025-06-24T03:48:26","modified_gmt":"2025-06-24T07:48:26","slug":"mercado-de-trigo-deve-seguir-pressionado","status":"publish","type":"post","link":"https:\/\/agromt.news\/?p=15502","title":{"rendered":"Mercado de trigo deve seguir pressionado"},"content":{"rendered":"<p> <br \/>\n<\/p>\n<div>\n<div class=\"row\">\n<div class=\"col-lg col-infos mt-0 mt-lg-0\">\n<div class=\"section-sub-title\">\n<p itemprop=\"description\">&#13;<br \/>\n                                Existem alguns pontos de aten\u00e7\u00e3o&#13;\n                            <\/p>\n<\/p><\/div>\n<div class=\"container\">\n<div class=\"row\">\n<div class=\"col-lg p-0\">\n<div>\n<div class=\"block-news-main-infos mt-3 text-start\">\n<p>                                            <strong class=\"fn\" itemprop=\"author\" style=\"color: rgb(112, 112, 112); \">&#13;<br \/>\n                                                <a href=\"https:\/\/www.agrolink.com.br\/noticias\/javascript:;\" class=\"text-uppercase\" target=\"_blank\" style=\"color: rgb(112, 112, 112); \" rel=\"noopener\">Agrolink<\/a>&#13;<br \/>\n&#13;<br \/>\n                                                    &#8211; Leonardo Gottems&#13;<br \/>\n&#13;<br \/>\n                                            <\/strong><br \/>\n                                        <\/p>\n<p>                                            <abbr><time datetime=\"2025-06-23T10:55\" itemprop=\"datePublished dateModified\">Publicado em 23\/06\/2025 \u00e0s 10:55h.<\/time><\/abbr><br \/>\n                                            <\/p><\/div>\n<\/p><\/div>\n<\/p><\/div>\n<div class=\"col-lg p-0 text-lg-end\">\n<div>\n<div id=\"mdEnviarPagina\" class=\"modal fade\" role=\"dialog\">\n<div class=\"modal-dialog\">\n<div class=\"modal-content\">\n<div class=\"modal-body\">\n<p><strong>Estimado usu\u00e1rio.<\/strong><br \/>Preencha o formul\u00e1rio abaixo para remeter a p\u00e1gina.<\/p>\n<\/p><\/div>\n<\/p><\/div>\n<\/p><\/div>\n<\/div><\/div>\n<\/p><\/div>\n<\/p><\/div>\n<\/p><\/div>\n<\/p><\/div>\n<\/p><\/div>\n<div class=\"row justify-content-md-center mt-3\">\n<div class=\"col-lg-auto col-image block-news-main-image\">\n<p>                                <img decoding=\"async\" src=\"https:\/\/www.agrolink.com.br\/upload\/imagens-resizes\/a33f837cbed34a7e86d6cf139aa6faf3_858x483.jpg\" class=\"lazyload img-fluid\" alt=\"Existem alguns pontos de aten\u00e7\u00e3o\"\/><br \/>\n                                                <span class=\"d-block mt-1\">Existem alguns pontos de aten\u00e7\u00e3o &#8211; Foto: Divulga\u00e7\u00e3o<\/span><\/p><\/div>\n<\/p><\/div>\n<div class=\"section-description section-description-noticias mt-3\">\n<p>O mercado brasileiro de <a href=\"https:\/\/www.agrolink.com.br\/culturas\/trigo\/?utm_source=agrolink-detalhe-noticia&amp;utm_medium=detalhe-noticia&amp;utm_campaign=links-internos\" target=\"_blank\" rel=\"noopener\">trigo<\/a>, especialmente no Rio Grande do Sul, enfrenta atualmente uma press\u00e3o de pre\u00e7os para baixo, reflexo da menor demanda e do aumento da oferta, devido aos estoques remanescentes e sobras de sementes. No Paran\u00e1, a situa\u00e7\u00e3o \u00e9 agravada pelo excesso de importa\u00e7\u00f5es de <a href=\"https:\/\/www.agrolink.com.br\/culturas\/trigo\/?utm_source=agrolink-detalhe-noticia&amp;utm_medium=detalhe-noticia&amp;utm_campaign=links-internos\" target=\"_blank\" rel=\"noopener\">trigo<\/a>, que j\u00e1 somaram cerca de 150 mil toneladas em pelo menos cinco navios, gerando sobra de farinhas inteira e especial e estimulando a concorr\u00eancia com a farinha argentina.\u00a0&#13;\n<\/p>\n<p>Segundo an\u00e1lise da TF Agroecon\u00f4mica, o atual cen\u00e1rio tem pre\u00e7os pressionados, mas a expectativa para a pr\u00f3xima safra \u00e9 de recupera\u00e7\u00e3o dos valores. A guerra no Oriente M\u00e9dio, combinada com problemas clim\u00e1ticos nos EUA e R\u00fassia, levou a alta nas cota\u00e7\u00f5es da CBOT, embora a lucratividade do trigo ainda esteja muito baixa. A produ\u00e7\u00e3o prevista para o Brasil em 2025\/2026 \u00e9 menor que a safra atual, o que deve elevar os pre\u00e7os a partir de fevereiro de 2026. A recomenda\u00e7\u00e3o \u00e9 que os produtores evitem vender entre setembro de 2025 e janeiro de 2026, enquanto compradores devem aproveitar o momento para adquirir o produto.<\/p>\n<p>Entre os fatores que podem sustentar a alta, destacam-se as exporta\u00e7\u00f5es dentro do esperado, com vendas para 2025\/2026 j\u00e1 alcan\u00e7ando 427 mil toneladas; as hostilidades no Oriente M\u00e9dio, regi\u00e3o dependente de trigo importado; e a demanda da Arg\u00e9lia, que adquiriu entre 550 e 570 mil toneladas a pre\u00e7os competitivos. Entretanto, h\u00e1 pontos de aten\u00e7\u00e3o como as condi\u00e7\u00f5es clim\u00e1ticas nos EUA, onde a colheita do trigo de inverno est\u00e1 atrasada devido a chuvas, e a seca na regi\u00e3o russa de Krasnodar, que pode impactar a produ\u00e7\u00e3o.&#13;\n<\/p>\n<p>Por outro lado, fatores que atuam para conter os pre\u00e7os incluem a melhora do clima nos EUA, que favoreceu o progresso das lavouras, o aumento inesperado da produ\u00e7\u00e3o russa projetada em 90 milh\u00f5es de toneladas para 2025\/2026 \u2014 n\u00famero que pode incluir \u00e1reas ucranianas sob controle russo \u2014 e a recupera\u00e7\u00e3o das safras europeias, beneficiadas pelas chuvas recentes. Al\u00e9m disso, a Ucr\u00e2nia enfrenta barreiras comerciais que ampliam a competi\u00e7\u00e3o internacional, pressionando os pre\u00e7os globalmente. No Brasil, a falta de margens para os moinhos e o aumento da mat\u00e9ria-prima dispon\u00edvel devem continuar limitando os reajustes de pre\u00e7o, mesmo em per\u00edodos tradicionalmente mais favor\u00e1veis.<\/p>\n<\/p><\/div>\n<\/p><\/div>\n<p><script data-cfasync=\"false\">\n    !function (f, b, e, v, n, t, s) {\n        if (f.fbq) return; n = f.fbq = function () {\n            n.callMethod ?\n                n.callMethod.apply(n, arguments) : n.queue.push(arguments)\n        };\n        if (!f._fbq) f._fbq = n; n.push = n; n.loaded = !0; n.version = '2.0';\n        n.queue = []; t = b.createElement(e); t.async = !0;\n        t.src = v; s = b.getElementsByTagName(e)[0];\n        s.parentNode.insertBefore(t, s)\n    }(window, document, 'script',\n        'https:\/\/connect.facebook.net\/en_US\/fbevents.js');\n    fbq('init', '522546078623747');\n    fbq('track', 'PageView');\n<\/script><br \/>\n<br \/><br \/>\n<br \/><a href=\"https:\/\/www.agrolink.com.br\/noticias\/mercado-de-trigo-deve-seguir-pressionado_503143.html\">Source link <\/a><\/p>\n","protected":false},"excerpt":{"rendered":"<p>&#13; Existem alguns pontos de aten\u00e7\u00e3o&#13; &#13; Agrolink&#13; &#13; &#8211; Leonardo Gottems&#13; &#13; Publicado em 23\/06\/2025 \u00e0s 10:55h. Estimado usu\u00e1rio.Preencha<\/p>\n","protected":false},"author":1,"featured_media":7938,"comment_status":"open","ping_status":"open","sticky":false,"template":"","format":"standard","meta":{"_monsterinsights_skip_tracking":false,"_monsterinsights_sitenote_active":false,"_monsterinsights_sitenote_note":"","_monsterinsights_sitenote_category":0,"_uf_show_specific_survey":0,"_uf_disable_surveys":false,"footnotes":""},"categories":[8,1,14],"tags":[],"class_list":["post-15502","post","type-post","status-publish","format-standard","has-post-thumbnail","hentry","category-agro","category-news","category-politica-agro"],"_links":{"self":[{"href":"https:\/\/agromt.news\/index.php?rest_route=\/wp\/v2\/posts\/15502"}],"collection":[{"href":"https:\/\/agromt.news\/index.php?rest_route=\/wp\/v2\/posts"}],"about":[{"href":"https:\/\/agromt.news\/index.php?rest_route=\/wp\/v2\/types\/post"}],"author":[{"embeddable":true,"href":"https:\/\/agromt.news\/index.php?rest_route=\/wp\/v2\/users\/1"}],"replies":[{"embeddable":true,"href":"https:\/\/agromt.news\/index.php?rest_route=%2Fwp%2Fv2%2Fcomments&post=15502"}],"version-history":[{"count":0,"href":"https:\/\/agromt.news\/index.php?rest_route=\/wp\/v2\/posts\/15502\/revisions"}],"wp:featuredmedia":[{"embeddable":true,"href":"https:\/\/agromt.news\/index.php?rest_route=\/wp\/v2\/media\/7938"}],"wp:attachment":[{"href":"https:\/\/agromt.news\/index.php?rest_route=%2Fwp%2Fv2%2Fmedia&parent=15502"}],"wp:term":[{"taxonomy":"category","embeddable":true,"href":"https:\/\/agromt.news\/index.php?rest_route=%2Fwp%2Fv2%2Fcategories&post=15502"},{"taxonomy":"post_tag","embeddable":true,"href":"https:\/\/agromt.news\/index.php?rest_route=%2Fwp%2Fv2%2Ftags&post=15502"}],"curies":[{"name":"wp","href":"https:\/\/api.w.org\/{rel}","templated":true}]}}