{"id":15500,"date":"2025-06-23T23:53:07","date_gmt":"2025-06-24T03:53:07","guid":{"rendered":"https:\/\/agromt.news\/?p=15500"},"modified":"2025-06-23T23:53:07","modified_gmt":"2025-06-24T03:53:07","slug":"mercado-do-boi-gordo-registra-alta-no-rio-de-janeiro","status":"publish","type":"post","link":"https:\/\/agromt.news\/?p=15500","title":{"rendered":"Mercado do boi gordo registra alta no Rio de Janeiro"},"content":{"rendered":"<p> <br \/>\n<\/p>\n<div>\n<div class=\"row\">\n<div class=\"col-lg col-infos mt-0 mt-lg-0\">\n<div class=\"section-sub-title\">\n<p itemprop=\"description\">&#13;<br \/>\n                                O mercado do boi gordo no Rio de Janeiro apresentou recupera\u00e7\u00e3o na \u00faltima semana&#13;\n                            <\/p>\n<\/p><\/div>\n<div class=\"container\">\n<div class=\"row\">\n<div class=\"col-lg p-0\">\n<div>\n<div class=\"block-news-main-infos mt-3 text-start\">\n<p>                                            <strong class=\"fn\" itemprop=\"author\" style=\"color: rgb(112, 112, 112); \">&#13;<br \/>\n                                                <a href=\"https:\/\/www.agrolink.com.br\/noticias\/javascript:;\" class=\"text-uppercase\" target=\"_blank\" style=\"color: rgb(112, 112, 112); \" rel=\"noopener\">Agrolink<\/a>&#13;<br \/>\n&#13;<br \/>\n                                                    &#8211; Seane Lennon&#13;<br \/>\n&#13;<br \/>\n                                            <\/strong><br \/>\n                                        <\/p>\n<p>                                            <abbr><time datetime=\"2025-06-23T11:30\" itemprop=\"datePublished dateModified\">Publicado em 23\/06\/2025 \u00e0s 11:30h.<\/time><\/abbr><br \/>\n                                            <\/p><\/div>\n<\/p><\/div>\n<\/p><\/div>\n<div class=\"col-lg p-0 text-lg-end\">\n<div>\n<div id=\"mdEnviarPagina\" class=\"modal fade\" role=\"dialog\">\n<div class=\"modal-dialog\">\n<div class=\"modal-content\">\n<div class=\"modal-body\">\n<p><strong>Estimado usu\u00e1rio.<\/strong><br \/>Preencha o formul\u00e1rio abaixo para remeter a p\u00e1gina.<\/p>\n<\/p><\/div>\n<\/p><\/div>\n<\/p><\/div>\n<\/div><\/div>\n<\/p><\/div>\n<\/p><\/div>\n<\/p><\/div>\n<\/p><\/div>\n<\/p><\/div>\n<div class=\"row justify-content-md-center mt-3\">\n<div class=\"col-lg-auto col-image block-news-main-image\">\n<p>                                <img decoding=\"async\" src=\"https:\/\/www.agrolink.com.br\/upload\/imagens-resizes\/08d2a7d9d32243329bce981741e663e8_858x483.jpg\" class=\"lazyload img-fluid\"\/><br \/>\n                                                <span class=\"publicity-photo d-block mt-1\">Foto: Canva<\/span><\/p><\/div>\n<\/p><\/div>\n<div class=\"section-description section-description-noticias mt-3\">\n<p style=\"text-align:justify\">O mercado do boi gordo no Rio de Janeiro apresentou recupera\u00e7\u00e3o na \u00faltima semana, segundo a an\u00e1lise \u201cTem Boi na Linha\u201d, da Scot Consultoria. As recentes chuvas no estado t\u00eam favorecido as condi\u00e7\u00f5es das pastagens, permitindo que os pecuaristas adiem as vendas \u00e0 espera de melhores pre\u00e7os.&#13;\n<\/p>\n<p style=\"text-align:justify\">De acordo com o levantamento, a escassez de ofertas contribuiu para a eleva\u00e7\u00e3o das cota\u00e7\u00f5es. A alta semanal para o boi gordo foi de 1,7%, o equivalente a R$ 5,00 por arroba, com o pre\u00e7o alcan\u00e7ando R$ 300,50 por arroba.<\/p>\n<p style=\"text-align:justify\">As categorias de vaca e novilha tamb\u00e9m registraram aumento de 1,9%, ou R$ 5,00 por arroba, sendo negociadas a R$ 271,00 e R$ 276,00 por arroba, respectivamente. Os valores s\u00e3o para pagamento a prazo e j\u00e1 descontados os impostos, como Senar e Funrural.&#13;\n<\/p>\n<p style=\"text-align:justify\">Em S\u00e3o Paulo, o diferencial de base do boi gordo est\u00e1 em R$ 10,00 por arroba, ou 3,3% inferior, com a arroba sendo negociada a R$ 310,50, tamb\u00e9m a prazo e livre de impostos.<\/p>\n<p style=\"text-align:justify\">A Scot Consultoria avalia que, no curto prazo, a tend\u00eancia \u00e9 de manuten\u00e7\u00e3o ou at\u00e9 mesmo de alta nas cota\u00e7\u00f5es.<\/p>\n<\/p><\/div>\n<\/p><\/div>\n<p><script data-cfasync=\"false\">\n    !function (f, b, e, v, n, t, s) {\n        if (f.fbq) return; n = f.fbq = function () {\n            n.callMethod ?\n                n.callMethod.apply(n, arguments) : n.queue.push(arguments)\n        };\n        if (!f._fbq) f._fbq = n; n.push = n; n.loaded = !0; n.version = '2.0';\n        n.queue = []; t = b.createElement(e); t.async = !0;\n        t.src = v; s = b.getElementsByTagName(e)[0];\n        s.parentNode.insertBefore(t, s)\n    }(window, document, 'script',\n        'https:\/\/connect.facebook.net\/en_US\/fbevents.js');\n    fbq('init', '522546078623747');\n    fbq('track', 'PageView');\n<\/script><br \/>\n<br \/><br \/>\n<br \/><a href=\"https:\/\/www.agrolink.com.br\/noticias\/mercado-do-boi-gordo-registra-alta-no-rio-de-janeiro_503147.html\">Source link <\/a><\/p>\n","protected":false},"excerpt":{"rendered":"<p>&#13; O mercado do boi gordo no Rio de Janeiro apresentou recupera\u00e7\u00e3o na \u00faltima semana&#13; &#13; Agrolink&#13; &#13; &#8211; Seane<\/p>\n","protected":false},"author":1,"featured_media":2291,"comment_status":"open","ping_status":"open","sticky":false,"template":"","format":"standard","meta":{"_monsterinsights_skip_tracking":false,"_monsterinsights_sitenote_active":false,"_monsterinsights_sitenote_note":"","_monsterinsights_sitenote_category":0,"_uf_show_specific_survey":0,"_uf_disable_surveys":false,"footnotes":""},"categories":[8,1,14],"tags":[],"class_list":["post-15500","post","type-post","status-publish","format-standard","has-post-thumbnail","hentry","category-agro","category-news","category-politica-agro"],"_links":{"self":[{"href":"https:\/\/agromt.news\/index.php?rest_route=\/wp\/v2\/posts\/15500"}],"collection":[{"href":"https:\/\/agromt.news\/index.php?rest_route=\/wp\/v2\/posts"}],"about":[{"href":"https:\/\/agromt.news\/index.php?rest_route=\/wp\/v2\/types\/post"}],"author":[{"embeddable":true,"href":"https:\/\/agromt.news\/index.php?rest_route=\/wp\/v2\/users\/1"}],"replies":[{"embeddable":true,"href":"https:\/\/agromt.news\/index.php?rest_route=%2Fwp%2Fv2%2Fcomments&post=15500"}],"version-history":[{"count":0,"href":"https:\/\/agromt.news\/index.php?rest_route=\/wp\/v2\/posts\/15500\/revisions"}],"wp:featuredmedia":[{"embeddable":true,"href":"https:\/\/agromt.news\/index.php?rest_route=\/wp\/v2\/media\/2291"}],"wp:attachment":[{"href":"https:\/\/agromt.news\/index.php?rest_route=%2Fwp%2Fv2%2Fmedia&parent=15500"}],"wp:term":[{"taxonomy":"category","embeddable":true,"href":"https:\/\/agromt.news\/index.php?rest_route=%2Fwp%2Fv2%2Fcategories&post=15500"},{"taxonomy":"post_tag","embeddable":true,"href":"https:\/\/agromt.news\/index.php?rest_route=%2Fwp%2Fv2%2Ftags&post=15500"}],"curies":[{"name":"wp","href":"https:\/\/api.w.org\/{rel}","templated":true}]}}