{"id":15496,"date":"2025-06-23T20:40:00","date_gmt":"2025-06-24T00:40:00","guid":{"rendered":"https:\/\/agromt.news\/?p=15496"},"modified":"2025-06-23T20:40:00","modified_gmt":"2025-06-24T00:40:00","slug":"fim-da-moratoria-da-soja-cade-analisa-medida-que-pode-mudar-o-jogo-do-acordo","status":"publish","type":"post","link":"https:\/\/agromt.news\/?p=15496","title":{"rendered":"Fim da Morat\u00f3ria da Soja? Cade analisa medida que pode &#8216;mudar o jogo&#8217; do acordo"},"content":{"rendered":"<p> <br \/>\n<br \/><img decoding=\"async\" src=\"https:\/\/agromt.news\/wp-content\/uploads\/2025\/04\/STF-autoriza-parcialmente-MT-a-aplicar-Moratoria-da-Soja.jpeg\" \/><\/p>\n<div>\n<p>O Conselho Administrativo de Defesa Econ\u00f4mica (<a href=\"https:\/\/www.gov.br\/cade\/pt-br\/pagina-inicial\">Cade<\/a>) analisa a possibilidade de adotar uma medida preventiva que pode <a href=\"https:\/\/www.canalrural.com.br\/?s=Morat%C3%B3ria+da+Soja\">suspender <\/a>a Morat\u00f3ria da Soja, acordo ambiental que h\u00e1 quase duas d\u00e9cadas impede a comercializa\u00e7\u00e3o de gr\u00e3os oriundos de \u00e1reas desmatadas na Amaz\u00f4nia Legal ap\u00f3s 2008.<\/p>\n<p>A investiga\u00e7\u00e3o foi instaurada ap\u00f3s representa\u00e7\u00e3o da Comiss\u00e3o de Agricultura da C\u00e2mara dos Deputados, com apoio da Aprosoja-MT e da Confedera\u00e7\u00e3o da Agricultura e Pecu\u00e1ria do Brasil (CNA). A principal suspeita do Cade \u00e9 de que o pacto envolva uma a\u00e7\u00e3o coordenada entre grandes empresas, o que poderia ferir a livre concorr\u00eancia. Por isso, o \u00f3rg\u00e3o solicitou \u00e0 Justi\u00e7a de S\u00e3o Paulo a apresenta\u00e7\u00e3o de provas que justifiquem a validade do acordo.<\/p>\n<ul class=\"wp-block-list\">\n<li><strong><em>Fique por dentro das novidades e not\u00edcias recentes sobre a soja! Participe da nossa comunidade atrav\u00e9s do\u00a0<a href=\"https:\/\/chat.whatsapp.com\/BmMRwA0TZ2DHGyhzoaVEWu\">link<\/a><\/em><\/strong>!<\/li>\n<\/ul>\n<h3 class=\"wp-block-heading\" id=\"h-moratoria-da-soja-e-disputa-antiga\">Morat\u00f3ria da Soja \u00e9 \u2018disputa antiga\u2019 <\/h3>\n<p>Desde que foi firmada em 2006, a Morat\u00f3ria vem sendo alvo de cr\u00edticas por parte de representantes do agroneg\u00f3cio, que alegam desequil\u00edbrio competitivo e falta de transpar\u00eancia nos crit\u00e9rios de exclus\u00e3o. A discuss\u00e3o ganhou for\u00e7a no atual governo: o Minist\u00e9rio da Agricultura j\u00e1 se manifestou publicamente contr\u00e1rio \u00e0 manuten\u00e7\u00e3o da morat\u00f3ria.<\/p>\n<p>No Senado, parlamentares da bancada ruralista se mobilizam para derrubar o acordo e garantir mais liberdade comercial aos produtores da Amaz\u00f4nia Legal. Enquanto isso, o processo corre sob sigilo na Superintend\u00eancia-Geral do Cade e pode evoluir para um processo administrativo nos pr\u00f3ximos meses.<\/p>\n<\/div>\n<div>\n<p>Em nota, a Aprosoja Mato Grosso diz que a Morat\u00f3ria da Soja imp\u00f5e uma regra privada, arbitr\u00e1ria e ilegal, que exclui quem est\u00e1 na legalidade. \u201dTal acordo n\u00e3o tem respaldo no ordenamento jur\u00eddico nacional e vem causando danos irrepar\u00e1veis aos produtores. S\u00f3 em Mato Grosso, os preju\u00edzos diretos j\u00e1 somam R$ 20 bilh\u00f5es anuais, e o efeito multiplicador sobre a economia regional ultrapassa R$ 60 bilh\u00f5es por ano\u201d, diz a associa\u00e7\u00e3o.<\/p>\n<p>A Aprosoja-MT confia na atua\u00e7\u00e3o do Cade para que as leis brasileiras sejam efetivamente respeitadas e para proteger quem produz com sustentabilidade e em estrita observ\u00e2ncia \u00e0 legisla\u00e7\u00e3o ambiental mais rigorosa do mundo, a do Brasil.\u201d<\/p>\n<h3 class=\"wp-block-heading\" id=\"h-stf-entra-no-debate\">STF entra no debate<\/h3>\n<p>O tema chegou recentemente ao Supremo Tribunal Federal (STF). O ministro Fl\u00e1vio Dino, relator do caso, validou uma lei estadual do Mato Grosso que pro\u00edbe a concess\u00e3o de benef\u00edcios fiscais para empresas que aderirem \u00e0 morat\u00f3ria. Apesar disso, o ministro reconheceu que o pacto \u201ctrouxe inequ\u00edvocos benef\u00edcios ao pa\u00eds\u201d, sobretudo na redu\u00e7\u00e3o do desmatamento por press\u00e3o do mercado.<\/p>\n<p>Enquanto o Cade avalia os impactos sobre a concorr\u00eancia, o STF analisa o embasamento jur\u00eddico das restri\u00e7\u00f5es e incentivos relacionados ao acordo. A decis\u00e3o final poder\u00e1 afetar diretamente o modelo de produ\u00e7\u00e3o agr\u00edcola na Amaz\u00f4nia e a imagem do Brasil no com\u00e9rcio internacional.<\/p>\n<\/p><\/div>\n<p><br \/>\n<br \/><a href=\"https:\/\/www.canalrural.com.br\/agricultura\/projeto-soja-brasil\/fim-da-moratoria-da-soja-cade-analisa-medida-que-pode-mudar-o-jogo-do-acordo\/\">Source link <\/a><\/p>\n","protected":false},"excerpt":{"rendered":"<p>O Conselho Administrativo de Defesa Econ\u00f4mica (Cade) analisa a possibilidade de adotar uma medida preventiva que pode suspender a Morat\u00f3ria<\/p>\n","protected":false},"author":1,"featured_media":13031,"comment_status":"open","ping_status":"open","sticky":false,"template":"","format":"standard","meta":{"_monsterinsights_skip_tracking":false,"_monsterinsights_sitenote_active":false,"_monsterinsights_sitenote_note":"","_monsterinsights_sitenote_category":0,"_uf_show_specific_survey":0,"_uf_disable_surveys":false,"footnotes":""},"categories":[1],"tags":[],"class_list":["post-15496","post","type-post","status-publish","format-standard","has-post-thumbnail","hentry","category-news"],"_links":{"self":[{"href":"https:\/\/agromt.news\/index.php?rest_route=\/wp\/v2\/posts\/15496"}],"collection":[{"href":"https:\/\/agromt.news\/index.php?rest_route=\/wp\/v2\/posts"}],"about":[{"href":"https:\/\/agromt.news\/index.php?rest_route=\/wp\/v2\/types\/post"}],"author":[{"embeddable":true,"href":"https:\/\/agromt.news\/index.php?rest_route=\/wp\/v2\/users\/1"}],"replies":[{"embeddable":true,"href":"https:\/\/agromt.news\/index.php?rest_route=%2Fwp%2Fv2%2Fcomments&post=15496"}],"version-history":[{"count":0,"href":"https:\/\/agromt.news\/index.php?rest_route=\/wp\/v2\/posts\/15496\/revisions"}],"wp:featuredmedia":[{"embeddable":true,"href":"https:\/\/agromt.news\/index.php?rest_route=\/wp\/v2\/media\/13031"}],"wp:attachment":[{"href":"https:\/\/agromt.news\/index.php?rest_route=%2Fwp%2Fv2%2Fmedia&parent=15496"}],"wp:term":[{"taxonomy":"category","embeddable":true,"href":"https:\/\/agromt.news\/index.php?rest_route=%2Fwp%2Fv2%2Fcategories&post=15496"},{"taxonomy":"post_tag","embeddable":true,"href":"https:\/\/agromt.news\/index.php?rest_route=%2Fwp%2Fv2%2Ftags&post=15496"}],"curies":[{"name":"wp","href":"https:\/\/api.w.org\/{rel}","templated":true}]}}