{"id":15493,"date":"2025-06-23T19:43:35","date_gmt":"2025-06-23T23:43:35","guid":{"rendered":"https:\/\/agromt.news\/?p=15493"},"modified":"2025-06-23T19:43:35","modified_gmt":"2025-06-23T23:43:35","slug":"javalis-destroem-lavouras-atacam-filhotes-e-espalham-medo-entre-produtores-do-sul","status":"publish","type":"post","link":"https:\/\/agromt.news\/?p=15493","title":{"rendered":"Javalis destroem lavouras, atacam filhotes e espalham medo entre produtores do Sul"},"content":{"rendered":"<p> <br \/>\n<br \/><img decoding=\"async\" src=\"https:\/\/agromt.news\/wp-content\/uploads\/2025\/06\/Javalis-destroem-lavouras-atacam-filhotes-e-espalham-medo-entre-produtores.jpg\" \/><\/p>\n<div>\n<p>A legalidade do controle populacional de javalis por meio da ca\u00e7a autorizada segue em aprecia\u00e7\u00e3o no Supremo Tribunal Federal (STF). <\/p>\n<p>Enquanto isso, produtores rurais somam preju\u00edzos milion\u00e1rios no campo pela destrui\u00e7\u00e3o de lavouras e por ataques a animais de cria\u00e7\u00e3o.<\/p>\n<p><iframe title=\"Javalis se tornam problema para produtores do Sul\" width=\"800\" height=\"450\" src=\"https:\/\/www.youtube.com\/embed\/Cn-3NNNcIh4?feature=oembed\" frameborder=\"0\" allow=\"accelerometer; autoplay; clipboard-write; encrypted-media; gyroscope; picture-in-picture; web-share\" referrerpolicy=\"strict-origin-when-cross-origin\" allowfullscreen><\/iframe><noscript><iframe title=\"Javalis se tornam problema para produtores do Sul\" width=\"800\" height=\"450\" src=\"https:\/\/www.youtube.com\/embed\/Cn-3NNNcIh4?feature=oembed\" frameborder=\"0\" allow=\"accelerometer; autoplay; clipboard-write; encrypted-media; gyroscope; picture-in-picture; web-share\" referrerpolicy=\"strict-origin-when-cross-origin\" allowfullscreen><\/iframe><\/noscript><\/p>\n<p>A esp\u00e9cie, introduzida no Brasil a partir da d\u00e9cada de 1960 principalmente para o consumo de carne, acabou se tornando uma praga espalhada por grandes \u00e1reas do pa\u00eds. Em Santa Catarina, por exemplo, os primeiros registros de invas\u00e3o em lavouras data de 2009.<\/p>\n<p>Levantamento feito pela Empresa de Pesquisa Agropecu\u00e1ria e Extens\u00e3o Rural do estado (Epagri-SC) apontou que em Campo Belo do Sul, no Platalto Serrano catarinense, os preju\u00edzos nas planta\u00e7\u00f5es de milho chegaram a 50 mil sacas do gr\u00e3o ao ano.<\/p>\n<p>O produtor Alex Monfroi, que tem propriedade no munic\u00edpio, conta que precisa separar uma verba de seu or\u00e7amento para contratar terceiros que afugentem os javalis de sua lavoura. Segundo ele, seus preju\u00edzos com o ataque desses animais gira em torno de R$ 150 mil.<\/p>\n<p>De acordo com o Minist\u00e9rio da Agricultura e Pecu\u00e1ria <strong><a href=\"https:\/\/www.canalrural.com.br\/tag\/mapa\/\">(Mapa)<\/a><\/strong>, existem registros de ataques e invas\u00f5es de javalis em 563 munic\u00edpios brasileiros. No Paran\u00e1, h\u00e1 relatos de preju\u00edzos em 88 munic\u00edpios.<\/p>\n<\/div>\n<div>\n<p>Esses animais andam em bandos de cerca de 30 a 40 animais, com os adultos chegando a pesar 100 kg. S\u00e3o agressivos e se reproduzem com muita facilidade.<\/p>\n<p>O produtor Mylton Casaroli J\u00fanior perdeu cerca de 5 hectares de milho com o ataque dos javalis. \u201cEles comeram e derrubaram bastante milho. Quando estamos na colhedeira \u00e9 que vemos o estrago porque olhamos de cima. [A m\u00e1quina] colhe em linha, mas de repente tem aquela abertura na linha que \u00e9 onde eles entraram e derrubaram, comeram.\u201d<\/p>\n<h2 class=\"wp-block-heading\" id=\"h-uniao-de-entidades-contra-os-javalis\">Uni\u00e3o de entidades contra os javalis<\/h2>\n<p>A comiss\u00e3o t\u00e9cnica de suinocultura do sistema Faep criou um grupo de trabalho com a participa\u00e7\u00e3o do Mapa, Ibama, Ex\u00e9rcito Brasileiro, Adapar e Associa\u00e7\u00e3o Paranaense de Suinocultores para coordenar a\u00e7\u00f5es de controle da popula\u00e7\u00e3o de javalis.<\/p>\n<p>De acordo com as entidades envolvidas, os problemas causados pela superpopula\u00e7\u00e3o desses animais v\u00e3o desde preju\u00edzos diretos \u00e0s propriedades rurais at\u00e9 riscos sanit\u00e1rios. Isso porque os javalis tamb\u00e9m podem atacar rebanhos e animais dom\u00e9sticos, o que representa uma amea\u00e7a ao status sanit\u00e1rio do estado.<\/p>\n<p>A t\u00e9cnica do Departamento Econ\u00f4mico do Sistema Faep, Nicolle Wilsek, conta que cordeiros e bezerros s\u00e3o alvos preferenciais dos javalis, mas que eles tamb\u00e9m atacam a fauna natural. \u201cA gente j\u00e1 tem relatos e acompanhamentos de estudos que o javali acaba matando filhotes de on\u00e7a e filhotes de felinos que acabam compondo a nossa fauna natural.\u201d <\/p>\n<p>De acordo com ela, al\u00e9m de todos os preju\u00edzos econ\u00f4micos ao agroneg\u00f3cio, tamb\u00e9m h\u00e1 danos no \u00e2mbito social. \u201cEstamos falando de um animal que \u00e9 portador e disseminador de doen\u00e7as. O que que acontece muitas vezes \u00e9 dele se infectar, mas ele n\u00e3o morre, mas acaba transmitindo [a doen\u00e7a] e estamos falando de raiva, de febre maculosa, de doen\u00e7as que al\u00e9m de serem perigosas para o agroneg\u00f3cio, s\u00e3o pass\u00edveis de contamina\u00e7\u00e3o aos humanos tamb\u00e9m\u201d, diz Nicolle.<\/p>\n<\/p><\/div>\n<p><br \/>\n<br \/><a href=\"https:\/\/www.canalrural.com.br\/nacional\/javalis-destroem-lavouras-atacam-filhotes-e-espalham-medo-entre-produtores-do-sul\/\">Source link <\/a><\/p>\n","protected":false},"excerpt":{"rendered":"<p>A legalidade do controle populacional de javalis por meio da ca\u00e7a autorizada segue em aprecia\u00e7\u00e3o no Supremo Tribunal Federal (STF).<\/p>\n","protected":false},"author":1,"featured_media":15494,"comment_status":"open","ping_status":"open","sticky":false,"template":"","format":"standard","meta":{"_monsterinsights_skip_tracking":false,"_monsterinsights_sitenote_active":false,"_monsterinsights_sitenote_note":"","_monsterinsights_sitenote_category":0,"_uf_show_specific_survey":0,"_uf_disable_surveys":false,"footnotes":""},"categories":[1],"tags":[],"class_list":["post-15493","post","type-post","status-publish","format-standard","has-post-thumbnail","hentry","category-news"],"_links":{"self":[{"href":"https:\/\/agromt.news\/index.php?rest_route=\/wp\/v2\/posts\/15493"}],"collection":[{"href":"https:\/\/agromt.news\/index.php?rest_route=\/wp\/v2\/posts"}],"about":[{"href":"https:\/\/agromt.news\/index.php?rest_route=\/wp\/v2\/types\/post"}],"author":[{"embeddable":true,"href":"https:\/\/agromt.news\/index.php?rest_route=\/wp\/v2\/users\/1"}],"replies":[{"embeddable":true,"href":"https:\/\/agromt.news\/index.php?rest_route=%2Fwp%2Fv2%2Fcomments&post=15493"}],"version-history":[{"count":0,"href":"https:\/\/agromt.news\/index.php?rest_route=\/wp\/v2\/posts\/15493\/revisions"}],"wp:featuredmedia":[{"embeddable":true,"href":"https:\/\/agromt.news\/index.php?rest_route=\/wp\/v2\/media\/15494"}],"wp:attachment":[{"href":"https:\/\/agromt.news\/index.php?rest_route=%2Fwp%2Fv2%2Fmedia&parent=15493"}],"wp:term":[{"taxonomy":"category","embeddable":true,"href":"https:\/\/agromt.news\/index.php?rest_route=%2Fwp%2Fv2%2Fcategories&post=15493"},{"taxonomy":"post_tag","embeddable":true,"href":"https:\/\/agromt.news\/index.php?rest_route=%2Fwp%2Fv2%2Ftags&post=15493"}],"curies":[{"name":"wp","href":"https:\/\/api.w.org\/{rel}","templated":true}]}}