{"id":1549,"date":"2024-09-13T16:38:19","date_gmt":"2024-09-13T20:38:19","guid":{"rendered":"https:\/\/agromt.news\/?p=1549"},"modified":"2024-09-13T16:38:19","modified_gmt":"2024-09-13T20:38:19","slug":"declaracao-ministerial-do-g20-agro-tem-aprovacao-unanime","status":"publish","type":"post","link":"https:\/\/agromt.news\/?p=1549","title":{"rendered":"Declara\u00e7\u00e3o Ministerial do G20 Agro tem aprova\u00e7\u00e3o un\u00e2nime"},"content":{"rendered":"<p> <br \/>\n<br \/><img decoding=\"async\" src=\"https:\/\/agromt.news\/wp-content\/uploads\/2024\/09\/Declaracao-Ministerial-do-G20-Agro-tem-aprovacao-unanime.jpeg\" \/><\/p>\n<div>\n<p>A Declara\u00e7\u00e3o Ministerial, que visa dar um novo rumo para a produ\u00e7\u00e3o agropecu\u00e1ria e a pesca sustent\u00e1vel no mundo, foi aprovada por unanimidade entre os 23 pa\u00edses que comp\u00f5em o G20.<\/p>\n<p>O anuncio foi feito nesta sexta-feira (13) ao vivo das reuni\u00f5es ministeriais do G20 Agro, que ocorreram nesta semana em Chapada dos Guimar\u00e3es, em Mato Grosso.<\/p>\n<\/div>\n<div>\n<p>Vista como um desafio para a diplomacia brasileira \u2013 uma vez que requer consenso entre todos os pa\u00edses do G20 \u2013 a Declara\u00e7\u00e3o Ministerial possui a for\u00e7a de um acordo internacional.<\/p>\n<p>O documento conta com quatro prioridades fundamentais: <\/p>\n<ul class=\"wp-block-list\">\n<li>Promover m\u00faltiplas formas de produ\u00e7\u00e3o sustent\u00e1vel na agropecu\u00e1ria; <\/li>\n<\/ul>\n<ul class=\"wp-block-list\">\n<li>Garantir um com\u00e9rcio internacional mais justo, livre de distor\u00e7\u00f5es, como subs\u00eddios que prejudicam o Brasil e outros pa\u00edses; <\/li>\n<\/ul>\n<ul class=\"wp-block-list\">\n<li>Oferecer apoio \u00e0 agricultura familiar, quilombolas, popula\u00e7\u00f5es ind\u00edgenas e comunidades tradicionais; e<\/li>\n<\/ul>\n<ul class=\"wp-block-list\">\n<li>Regularizar e regulamentar o setor de pescados e aquicultura.<\/li>\n<\/ul>\n<p>Conforme o ministro da Agricultura e Pecu\u00e1ria (Mapa), Carlos F\u00e1varo, as discuss\u00f5es do G20 Agro realizadas em Mato Grosso foram fundamentais, uma vez que ap\u00f3s cinco anos, onde todos os grupos se dedicaram, conseguiu-se fazer uma declara\u00e7\u00e3o e n\u00e3o \u201csimplesmente cartas resumindo os trabalhos do G20\u201d.<\/p>\n<blockquote class=\"wp-block-quote is-layout-flow wp-block-quote-is-layout-flow\">\n<p>\u201cDesta vez, superados os desafios de diverg\u00eancias, conseguimos uma declara\u00e7\u00e3o, que certamente dar\u00e1 um novo rumo para a agropecu\u00e1ria e pesca sustent\u00e1vel do mundo\u201d, disse o ministro ao final das reuni\u00f5es do G20 Agro.<\/p>\n<\/blockquote>\n<h2 class=\"wp-block-heading\" id=\"h-implementacao-das-medidas\">Implementa\u00e7\u00e3o das medidas<\/h2>\n<p>O ministro salientou ainda que a Declara\u00e7\u00e3o \u00e9 uma condicionante em que todos os participantes se comprometem na implementa\u00e7\u00e3o das medidas expostas no documento e que \u201cser\u00e1 fundamental para a finaliza\u00e7\u00e3o do G20, em novembro, pelos l\u00edderes mundiais\u201d.<\/p>\n<p>Foram realizadas quatro rodadas de reuni\u00f5es do Grupo de Trabalho Agricultura, nos meses de fevereiro, abril, maio e junho, finalizando agora em setembro com os encontros em Mato Grosso.<\/p>\n<p>A etapa final, frisa o Minist\u00e9rio da Agricultura, registrou o maior n\u00famero de ades\u00f5es de ministros desde a cria\u00e7\u00e3o do Grupo de Trabalho, em 2011. Ao todo, 23 ministros e autoridades ministeriais e um total de 43 delega\u00e7\u00f5es participantes, incluindo os pa\u00edses membros e dos blocos integrantes do G20, convidados e organismos internacionais, participaram.<\/p>\n<\/div>\n<p><br \/>\n<br \/><a href=\"https:\/\/www.canalrural.com.br\/politica\/declaracao-ministerial-do-g20-agro-tem-aprovacao-unanime\/\">Source link <\/a><\/p>\n","protected":false},"excerpt":{"rendered":"<p>A Declara\u00e7\u00e3o Ministerial, que visa dar um novo rumo para a produ\u00e7\u00e3o agropecu\u00e1ria e a pesca sustent\u00e1vel no mundo, foi<\/p>\n","protected":false},"author":1,"featured_media":1550,"comment_status":"open","ping_status":"open","sticky":false,"template":"","format":"standard","meta":{"_monsterinsights_skip_tracking":false,"_monsterinsights_sitenote_active":false,"_monsterinsights_sitenote_note":"","_monsterinsights_sitenote_category":0,"_uf_show_specific_survey":0,"_uf_disable_surveys":false,"footnotes":""},"categories":[1],"tags":[],"class_list":["post-1549","post","type-post","status-publish","format-standard","has-post-thumbnail","hentry","category-news"],"_links":{"self":[{"href":"https:\/\/agromt.news\/index.php?rest_route=\/wp\/v2\/posts\/1549"}],"collection":[{"href":"https:\/\/agromt.news\/index.php?rest_route=\/wp\/v2\/posts"}],"about":[{"href":"https:\/\/agromt.news\/index.php?rest_route=\/wp\/v2\/types\/post"}],"author":[{"embeddable":true,"href":"https:\/\/agromt.news\/index.php?rest_route=\/wp\/v2\/users\/1"}],"replies":[{"embeddable":true,"href":"https:\/\/agromt.news\/index.php?rest_route=%2Fwp%2Fv2%2Fcomments&post=1549"}],"version-history":[{"count":0,"href":"https:\/\/agromt.news\/index.php?rest_route=\/wp\/v2\/posts\/1549\/revisions"}],"wp:featuredmedia":[{"embeddable":true,"href":"https:\/\/agromt.news\/index.php?rest_route=\/wp\/v2\/media\/1550"}],"wp:attachment":[{"href":"https:\/\/agromt.news\/index.php?rest_route=%2Fwp%2Fv2%2Fmedia&parent=1549"}],"wp:term":[{"taxonomy":"category","embeddable":true,"href":"https:\/\/agromt.news\/index.php?rest_route=%2Fwp%2Fv2%2Fcategories&post=1549"},{"taxonomy":"post_tag","embeddable":true,"href":"https:\/\/agromt.news\/index.php?rest_route=%2Fwp%2Fv2%2Ftags&post=1549"}],"curies":[{"name":"wp","href":"https:\/\/api.w.org\/{rel}","templated":true}]}}