{"id":15487,"date":"2025-06-23T17:55:54","date_gmt":"2025-06-23T21:55:54","guid":{"rendered":"https:\/\/agromt.news\/?p=15487"},"modified":"2025-06-23T17:55:54","modified_gmt":"2025-06-23T21:55:54","slug":"conflito-no-oriente-medio-eleva-incertezas-no-mercado-da-soja","status":"publish","type":"post","link":"https:\/\/agromt.news\/?p=15487","title":{"rendered":"Conflito no Oriente M\u00e9dio eleva incertezas no mercado da soja"},"content":{"rendered":"<p> <br \/>\n<\/p>\n<div>\n<div class=\"row\">\n<div class=\"col-lg col-infos mt-0 mt-lg-0\">\n<div class=\"section-sub-title\">\n<p itemprop=\"description\">&#13;<br \/>\n                                Conflito tamb\u00e9m afeta o setor de fertilizantes&#13;\n                            <\/p>\n<\/p><\/div>\n<div class=\"container\">\n<div class=\"row\">\n<div class=\"col-lg p-0\">\n<div>\n<div class=\"block-news-main-infos mt-3 text-start\">\n<p>                                            <strong class=\"fn\" itemprop=\"author\" style=\"color: rgb(112, 112, 112); \">&#13;<br \/>\n                                                <a href=\"https:\/\/www.agrolink.com.br\/noticias\/javascript:;\" class=\"text-uppercase\" target=\"_blank\" style=\"color: rgb(112, 112, 112); \" rel=\"noopener\">Agrolink<\/a>&#13;<br \/>\n&#13;<br \/>\n                                                    &#8211; Seane Lennon&#13;<br \/>\n&#13;<br \/>\n                                            <\/strong><br \/>\n                                        <\/p>\n<p>                                            <abbr><time datetime=\"2025-06-23T11:46\" itemprop=\"datePublished dateModified\">Publicado em 23\/06\/2025 \u00e0s 11:46h.<\/time><\/abbr><br \/>\n                                            <\/p><\/div>\n<\/p><\/div>\n<\/p><\/div>\n<div class=\"col-lg p-0 text-lg-end\">\n<div>\n<div id=\"mdEnviarPagina\" class=\"modal fade\" role=\"dialog\">\n<div class=\"modal-dialog\">\n<div class=\"modal-content\">\n<div class=\"modal-body\">\n<p><strong>Estimado usu\u00e1rio.<\/strong><br \/>Preencha o formul\u00e1rio abaixo para remeter a p\u00e1gina.<\/p>\n<\/p><\/div>\n<\/p><\/div>\n<\/p><\/div>\n<\/div><\/div>\n<\/p><\/div>\n<\/p><\/div>\n<\/p><\/div>\n<\/p><\/div>\n<\/p><\/div>\n<div class=\"row justify-content-md-center mt-3\">\n<div class=\"col-lg-auto col-image block-news-main-image\">\n<p>                                <img decoding=\"async\" src=\"https:\/\/www.agrolink.com.br\/upload\/imagens-resizes\/54d09bb85ff648f39185b525cc2d3be4_858x483.jpg\" class=\"lazyload img-fluid\"\/><br \/>\n                                                <span class=\"publicity-photo d-block mt-1\">Foto: Seane Lennon<\/span><\/p><\/div>\n<\/p><\/div>\n<div class=\"section-description section-description-noticias mt-3\">\n<p style=\"text-align:justify\">O ataque das for\u00e7as norte-americanas a instala\u00e7\u00f5es nucleares iranianas reacendeu a tens\u00e3o no Oriente M\u00e9dio e trouxe reflexos para o mercado global de energia. Tr\u00eas centros de enriquecimento de ur\u00e2nio localizados em Fordow, Natanz e Isfahan foram atingidos. Em resposta, o Ir\u00e3 anunciou o bloqueio do Estreito de Ormuz, importante corredor por onde passam aproximadamente 20% do petr\u00f3leo e 25% do g\u00e1s natural liquefeito consumidos no mundo. Segundo an\u00e1lise da <a href=\"http:\/\/www.graodireto.com.br\" target=\"_blank\" rel=\"noopener\">Gr\u00e3o Direto<\/a>, divulgada nesta segunda-feira (23), a ofensiva e o bloqueio devem impactar diretamente as cota\u00e7\u00f5es do \u00f3leo de <a href=\"https:\/\/www.agrolink.com.br\/culturas\/soja?utm_source=agrolink-detalhe-noticia&amp;utm_medium=detalhe-noticia&amp;utm_campaign=links-internos\" target=\"_blank\" rel=\"noopener\">soja<\/a>, dada a forte correla\u00e7\u00e3o entre os mercados de energia e oleaginosas.&#13;\n<\/p>\n<p style=\"text-align:justify\">Al\u00e9m do petr\u00f3leo, o conflito tamb\u00e9m afeta o setor de fertilizantes. O Ir\u00e3, respons\u00e1vel por uma produ\u00e7\u00e3o anual de cerca de 7 milh\u00f5es de toneladas de fertilizantes nitrogenados, exporta aproximadamente 5 milh\u00f5es de toneladas desse volume. A Gr\u00e3o Direto alerta que, com a escalada da crise, existe risco de aumento nos pre\u00e7os internacionais desses insumos, al\u00e9m de poss\u00edveis dificuldades log\u00edsticas nas rotas de exporta\u00e7\u00e3o. A preocupa\u00e7\u00e3o se concentra principalmente nos nitrogenados, que j\u00e1 vinham apresentando recupera\u00e7\u00e3o de pre\u00e7os desde o in\u00edcio de maio.<\/p>\n<p style=\"text-align:justify\">No mercado cambial, a eleva\u00e7\u00e3o da taxa Selic para 15%, com alta de 0,25 ponto percentual, poderia favorecer o real frente ao d\u00f3lar em um cen\u00e1rio de normalidade. No entanto, as incertezas globais provocadas pela crise no Oriente M\u00e9dio t\u00eam levado os investidores internacionais a buscar ativos considerados mais seguros, como os t\u00edtulos do Tesouro dos Estados Unidos. Esse movimento sustenta a valoriza\u00e7\u00e3o do d\u00f3lar, mesmo diante da alta dos juros no Brasil.&#13;\n<\/p>\n<p style=\"text-align:justify\">Segundo a an\u00e1lise, o mercado internacional da soja deve iniciar a semana com vi\u00e9s de alta, impulsionado pela Bolsa de Chicago. No entanto, no Brasil, o produtor precisar\u00e1 observar com aten\u00e7\u00e3o a evolu\u00e7\u00e3o do c\u00e2mbio e o comportamento do petr\u00f3leo. \u201cO avan\u00e7o nos custos pode anular qualquer poss\u00edvel ganho de pre\u00e7o\u201d, alerta o relat\u00f3rio da Gr\u00e3o Direto.<\/p>\n<\/p><\/div>\n<\/p><\/div>\n<p><script data-cfasync=\"false\">\n    !function (f, b, e, v, n, t, s) {\n        if (f.fbq) return; n = f.fbq = function () {\n            n.callMethod ?\n                n.callMethod.apply(n, arguments) : n.queue.push(arguments)\n        };\n        if (!f._fbq) f._fbq = n; n.push = n; n.loaded = !0; n.version = '2.0';\n        n.queue = []; t = b.createElement(e); t.async = !0;\n        t.src = v; s = b.getElementsByTagName(e)[0];\n        s.parentNode.insertBefore(t, s)\n    }(window, document, 'script',\n        'https:\/\/connect.facebook.net\/en_US\/fbevents.js');\n    fbq('init', '522546078623747');\n    fbq('track', 'PageView');\n<\/script><br \/>\n<br \/><br \/>\n<br \/><a href=\"https:\/\/www.agrolink.com.br\/noticias\/conflito-no-oriente-medio-eleva-incertezas-no-mercado-da-soja_503150.html\">Source link <\/a><\/p>\n","protected":false},"excerpt":{"rendered":"<p>&#13; Conflito tamb\u00e9m afeta o setor de fertilizantes&#13; &#13; Agrolink&#13; &#13; &#8211; Seane Lennon&#13; &#13; Publicado em 23\/06\/2025 \u00e0s 11:46h.<\/p>\n","protected":false},"author":1,"featured_media":9455,"comment_status":"open","ping_status":"open","sticky":false,"template":"","format":"standard","meta":{"_monsterinsights_skip_tracking":false,"_monsterinsights_sitenote_active":false,"_monsterinsights_sitenote_note":"","_monsterinsights_sitenote_category":0,"_uf_show_specific_survey":0,"_uf_disable_surveys":false,"footnotes":""},"categories":[8,1,14],"tags":[],"class_list":["post-15487","post","type-post","status-publish","format-standard","has-post-thumbnail","hentry","category-agro","category-news","category-politica-agro"],"_links":{"self":[{"href":"https:\/\/agromt.news\/index.php?rest_route=\/wp\/v2\/posts\/15487"}],"collection":[{"href":"https:\/\/agromt.news\/index.php?rest_route=\/wp\/v2\/posts"}],"about":[{"href":"https:\/\/agromt.news\/index.php?rest_route=\/wp\/v2\/types\/post"}],"author":[{"embeddable":true,"href":"https:\/\/agromt.news\/index.php?rest_route=\/wp\/v2\/users\/1"}],"replies":[{"embeddable":true,"href":"https:\/\/agromt.news\/index.php?rest_route=%2Fwp%2Fv2%2Fcomments&post=15487"}],"version-history":[{"count":0,"href":"https:\/\/agromt.news\/index.php?rest_route=\/wp\/v2\/posts\/15487\/revisions"}],"wp:featuredmedia":[{"embeddable":true,"href":"https:\/\/agromt.news\/index.php?rest_route=\/wp\/v2\/media\/9455"}],"wp:attachment":[{"href":"https:\/\/agromt.news\/index.php?rest_route=%2Fwp%2Fv2%2Fmedia&parent=15487"}],"wp:term":[{"taxonomy":"category","embeddable":true,"href":"https:\/\/agromt.news\/index.php?rest_route=%2Fwp%2Fv2%2Fcategories&post=15487"},{"taxonomy":"post_tag","embeddable":true,"href":"https:\/\/agromt.news\/index.php?rest_route=%2Fwp%2Fv2%2Ftags&post=15487"}],"curies":[{"name":"wp","href":"https:\/\/api.w.org\/{rel}","templated":true}]}}