{"id":1548,"date":"2024-09-13T15:31:17","date_gmt":"2024-09-13T19:31:17","guid":{"rendered":"https:\/\/agromt.news\/?p=1548"},"modified":"2024-09-13T15:31:17","modified_gmt":"2024-09-13T19:31:17","slug":"na-espera-de-chuvas-area-da-coopavel-pr-ainda-nao-iniciou-o-plantio-da-soja","status":"publish","type":"post","link":"https:\/\/agromt.news\/?p=1548","title":{"rendered":"Na espera de chuvas, \u00e1rea da Coopavel (PR) ainda n\u00e3o iniciou o plantio da soja"},"content":{"rendered":"<p> <br \/>\n<br \/><img decoding=\"async\" src=\"https:\/\/agromt.news\/wp-content\/uploads\/2024\/09\/soja-Imea.png\" \/><\/p>\n<div>\n<p>O produtor da <a href=\"https:\/\/www.canalrural.com.br\/agricultura\/projeto-soja-brasil\/\">soja <\/a>ainda n\u00e3o deu in\u00edcio ao plantio do gr\u00e3o na \u00e1rea da Cooperativa Coopavel, que atua no oeste e sudoeste do Paran\u00e1. Isso se deve ao tempo seco na regi\u00e3o, que se estendeu de agosto a setembro. <\/p>\n<p class=\"has-text-align-center\"><em>Confira na palma da m\u00e3o informa\u00e7\u00f5es quentes sobre agricultura, pecu\u00e1ria, economia e previs\u00e3o do tempo:<a href=\"https:\/\/www.whatsapp.com\/channel\/0029Va9VnZxGk1FplZjiW43k\">\u00a0<strong>siga o Canal Rural no WhatsApp<\/strong><\/a>!<\/em><\/p>\n<p>A expectativa \u00e9 que a regi\u00e3o tenha chuvas neste s\u00e1bado (14) e domingo (15). O vazio sanit\u00e1rio no munic\u00edpio se encerrou no dia 31 de agosto e, por isso, h\u00e1 expectativa de que a semeadura comece ap\u00f3s a apari\u00e7\u00e3o da precipita\u00e7\u00e3o. <\/p>\n<\/div>\n<div>\n<p>Em 2024, espera-se que o cultivo da soja atinja 411 mil hectares, em compara\u00e7\u00e3o com 405 mil hectares em 2023. <\/p>\n<ol start=\"2023\" class=\"wp-block-list\"\/>\n<\/div>\n<p><br \/>\n<br \/><a href=\"https:\/\/www.canalrural.com.br\/agricultura\/projeto-soja-brasil\/na-espera-de-chuvas-area-da-coopavel-pr-ainda-nao-iniciou-o-plantio-da-soja\/\">Source link <\/a><\/p>\n","protected":false},"excerpt":{"rendered":"<p>O produtor da soja ainda n\u00e3o deu in\u00edcio ao plantio do gr\u00e3o na \u00e1rea da Cooperativa Coopavel, que atua no<\/p>\n","protected":false},"author":1,"featured_media":1400,"comment_status":"open","ping_status":"open","sticky":false,"template":"","format":"standard","meta":{"_monsterinsights_skip_tracking":false,"_monsterinsights_sitenote_active":false,"_monsterinsights_sitenote_note":"","_monsterinsights_sitenote_category":0,"_uf_show_specific_survey":0,"_uf_disable_surveys":false,"footnotes":""},"categories":[1],"tags":[],"class_list":["post-1548","post","type-post","status-publish","format-standard","has-post-thumbnail","hentry","category-news"],"_links":{"self":[{"href":"https:\/\/agromt.news\/index.php?rest_route=\/wp\/v2\/posts\/1548"}],"collection":[{"href":"https:\/\/agromt.news\/index.php?rest_route=\/wp\/v2\/posts"}],"about":[{"href":"https:\/\/agromt.news\/index.php?rest_route=\/wp\/v2\/types\/post"}],"author":[{"embeddable":true,"href":"https:\/\/agromt.news\/index.php?rest_route=\/wp\/v2\/users\/1"}],"replies":[{"embeddable":true,"href":"https:\/\/agromt.news\/index.php?rest_route=%2Fwp%2Fv2%2Fcomments&post=1548"}],"version-history":[{"count":0,"href":"https:\/\/agromt.news\/index.php?rest_route=\/wp\/v2\/posts\/1548\/revisions"}],"wp:featuredmedia":[{"embeddable":true,"href":"https:\/\/agromt.news\/index.php?rest_route=\/wp\/v2\/media\/1400"}],"wp:attachment":[{"href":"https:\/\/agromt.news\/index.php?rest_route=%2Fwp%2Fv2%2Fmedia&parent=1548"}],"wp:term":[{"taxonomy":"category","embeddable":true,"href":"https:\/\/agromt.news\/index.php?rest_route=%2Fwp%2Fv2%2Fcategories&post=1548"},{"taxonomy":"post_tag","embeddable":true,"href":"https:\/\/agromt.news\/index.php?rest_route=%2Fwp%2Fv2%2Ftags&post=1548"}],"curies":[{"name":"wp","href":"https:\/\/api.w.org\/{rel}","templated":true}]}}