{"id":15462,"date":"2025-06-23T16:41:45","date_gmt":"2025-06-23T20:41:45","guid":{"rendered":"https:\/\/agromt.news\/?p=15462"},"modified":"2025-06-23T16:41:45","modified_gmt":"2025-06-23T20:41:45","slug":"termometros-despencam-e-pais-congela-com-3a-onda-de-frio-geada-atinge-diferentes-regioes","status":"publish","type":"post","link":"https:\/\/agromt.news\/?p=15462","title":{"rendered":"Term\u00f4metros despencam e pa\u00eds &#8216;congela&#8217; com 3\u00aa onda de frio; geada atinge diferentes regi\u00f5es"},"content":{"rendered":"<p> <br \/>\n<br \/><img decoding=\"async\" src=\"https:\/\/agromt.news\/wp-content\/uploads\/2025\/06\/Termometros-despencam-e-pais-congela-com-3a-onda-de-frio.jpg\" \/><\/p>\n<div>\n<p>A <a href=\"https:\/\/www.canalrural.com.br\/?s=previs%C3%A3o+do+tempo\">previs\u00e3o <\/a>do tempo para os pr\u00f3ximos dias exige aten\u00e7\u00e3o dos produtores de soja  nas principais regi\u00f5es agr\u00edcolas do pa\u00eds. A terceira onda de frio do ano, que tamb\u00e9m marca a primeira do inverno, avan\u00e7a com for\u00e7a e deve derrubar as temperaturas entre ter\u00e7a (24) e sexta-feira (27). Com a queda dos term\u00f4metros, o risco de geada entre ter\u00e7a e quarta no sul de Mato Grosso do Sul e tamb\u00e9m no interior de S\u00e3o Paulo.<\/p>\n<ul class=\"wp-block-list\">\n<li><strong><em>Fique por dentro das novidades e not\u00edcias recentes sobre a soja! Participe da nossa comunidade atrav\u00e9s do\u00a0<a href=\"https:\/\/chat.whatsapp.com\/BmMRwA0TZ2DHGyhzoaVEWu\">link<\/a><\/em><\/strong>!<\/li>\n<\/ul>\n<p>Com a chegada da frente fria, h\u00e1 previs\u00e3o de chuvas no Centro-Oeste e no interior do Sudeste. Apesar de n\u00e3o serem volumes expressivos, a umidade pode atrapalhar o andamento da colheita da segunda safra de milho e a fase final da produ\u00e7\u00e3o de algod\u00e3o em algumas \u00e1reas.<\/p>\n<\/div>\n<div>\n<p>Enquanto isso, o interior do Nordeste, principalmente a regi\u00e3o do Matopiba, permanece com o tempo seco e quente. As temperaturas continuam em eleva\u00e7\u00e3o e a aus\u00eancia de chuva aumenta a preocupa\u00e7\u00e3o com os focos de inc\u00eandio. Entre os dias 29 de junho e 3 de julho, praticamente n\u00e3o h\u00e1 previs\u00e3o de chuva na regi\u00e3o, o que refor\u00e7a o alerta para o risco de queimadas.<\/p>\n<p>A partir do dia 4 de julho, o cen\u00e1rio de tempo seco se estende por todo o Brasil Central. Com o afastamento da frente fria, as temperaturas voltam a subir de forma significativa. Os term\u00f4metros podem alcan\u00e7ar entre 38 e 39 graus em \u00e1reas do Mato Grosso e outras regi\u00f5es do Centro-Oeste.<\/p>\n<\/p><\/div>\n<p><br \/>\n<br \/><a href=\"https:\/\/www.canalrural.com.br\/agricultura\/projeto-soja-brasil\/termometros-despencam-e-pais-congela-com-3a-onda-de-frio-geada-atinge-varias-regioes\/\">Source link <\/a><\/p>\n","protected":false},"excerpt":{"rendered":"<p>A previs\u00e3o do tempo para os pr\u00f3ximos dias exige aten\u00e7\u00e3o dos produtores de soja nas principais regi\u00f5es agr\u00edcolas do pa\u00eds.<\/p>\n","protected":false},"author":1,"featured_media":15463,"comment_status":"open","ping_status":"open","sticky":false,"template":"","format":"standard","meta":{"_monsterinsights_skip_tracking":false,"_monsterinsights_sitenote_active":false,"_monsterinsights_sitenote_note":"","_monsterinsights_sitenote_category":0,"_uf_show_specific_survey":0,"_uf_disable_surveys":false,"footnotes":""},"categories":[1],"tags":[],"class_list":["post-15462","post","type-post","status-publish","format-standard","has-post-thumbnail","hentry","category-news"],"_links":{"self":[{"href":"https:\/\/agromt.news\/index.php?rest_route=\/wp\/v2\/posts\/15462"}],"collection":[{"href":"https:\/\/agromt.news\/index.php?rest_route=\/wp\/v2\/posts"}],"about":[{"href":"https:\/\/agromt.news\/index.php?rest_route=\/wp\/v2\/types\/post"}],"author":[{"embeddable":true,"href":"https:\/\/agromt.news\/index.php?rest_route=\/wp\/v2\/users\/1"}],"replies":[{"embeddable":true,"href":"https:\/\/agromt.news\/index.php?rest_route=%2Fwp%2Fv2%2Fcomments&post=15462"}],"version-history":[{"count":0,"href":"https:\/\/agromt.news\/index.php?rest_route=\/wp\/v2\/posts\/15462\/revisions"}],"wp:featuredmedia":[{"embeddable":true,"href":"https:\/\/agromt.news\/index.php?rest_route=\/wp\/v2\/media\/15463"}],"wp:attachment":[{"href":"https:\/\/agromt.news\/index.php?rest_route=%2Fwp%2Fv2%2Fmedia&parent=15462"}],"wp:term":[{"taxonomy":"category","embeddable":true,"href":"https:\/\/agromt.news\/index.php?rest_route=%2Fwp%2Fv2%2Fcategories&post=15462"},{"taxonomy":"post_tag","embeddable":true,"href":"https:\/\/agromt.news\/index.php?rest_route=%2Fwp%2Fv2%2Ftags&post=15462"}],"curies":[{"name":"wp","href":"https:\/\/api.w.org\/{rel}","templated":true}]}}