{"id":15457,"date":"2025-06-23T15:58:24","date_gmt":"2025-06-23T19:58:24","guid":{"rendered":"https:\/\/agromt.news\/?p=15457"},"modified":"2025-06-23T15:58:24","modified_gmt":"2025-06-23T19:58:24","slug":"nova-frente-fria-provoca-3a-onda-de-frio-e-temperaturas-despencam-saiba-onde","status":"publish","type":"post","link":"https:\/\/agromt.news\/?p=15457","title":{"rendered":"Nova frente fria provoca 3\u00aa onda de frio e temperaturas despencam; saiba onde"},"content":{"rendered":"<p> <br \/>\n<br \/><img decoding=\"async\" src=\"https:\/\/agromt.news\/wp-content\/uploads\/2024\/09\/Frente-fria-deve-mudar-o-clima-em-areas-onde-o.jpg\" \/><\/p>\n<div>\n<p>Uma nova<strong><a href=\"http:\/\/www.canalrural.com.br\/tag\/frente-fria\/\" data-type=\"link\" data-id=\"www.canalrural.com.br\/tag\/frente-fria\/\"> frente fria <\/a><\/strong>avan\u00e7a pelo Brasil central nos pr\u00f3ximos dias e provoca mudan\u00e7as significativas no tempo, segundo previs\u00e3o do meteorologista Arthur M\u00fcller, do Canal Rural. A atua\u00e7\u00e3o da frente \u00e9 seguida por uma massa de ar polar que caracteriza a terceira onda de frio de 2024 \u2014 a primeira do inverno \u2014 com forte queda de temperatura em v\u00e1rias regi\u00f5es do pa\u00eds.<\/p>\n<p><iframe title=\"Primeira onda de frio do inverno avan\u00e7a pelo Brasil | Previs\u00e3o do tempo | 24h\" width=\"800\" height=\"450\" src=\"https:\/\/www.youtube.com\/embed\/XCtL3p3438w?feature=oembed\" frameborder=\"0\" allow=\"accelerometer; autoplay; clipboard-write; encrypted-media; gyroscope; picture-in-picture; web-share\" referrerpolicy=\"strict-origin-when-cross-origin\" allowfullscreen><\/iframe><noscript><iframe title=\"Primeira onda de frio do inverno avan\u00e7a pelo Brasil | Previs\u00e3o do tempo | 24h\" width=\"800\" height=\"450\" src=\"https:\/\/www.youtube.com\/embed\/XCtL3p3438w?feature=oembed\" frameborder=\"0\" allow=\"accelerometer; autoplay; clipboard-write; encrypted-media; gyroscope; picture-in-picture; web-share\" referrerpolicy=\"strict-origin-when-cross-origin\" allowfullscreen><\/iframe><\/noscript><\/p>\n<p>De acordo com M\u00fcller, o frio atinge o Centro-Sul com for\u00e7a a partir de ter\u00e7a-feira (24), com registros de geada no Sul, sul de S\u00e3o Paulo e tamb\u00e9m no sul de Mato Grosso do Sul, onde os term\u00f4metros podem marcar 0\u202f\u00b0C em \u00e1reas de baixada. <strong>A friagem tamb\u00e9m alcan\u00e7a o Acre, Rond\u00f4nia e at\u00e9 o sul do Amazonas.<\/strong><\/p>\n<p>O frio tamb\u00e9m se espalha por outras \u00e1reas do Sudeste. A previs\u00e3o indica queda nas temperaturas em S\u00e3o Paulo e no sul de Minas Gerais. No entanto, nessas \u00e1reas n\u00e3o h\u00e1 risco de geadas em cafezais.<\/p>\n<h3 class=\"wp-block-heading\" id=\"h-temperaturas-extremas-e-geadas\">Temperaturas extremas e geadas<\/h3>\n<p>Para a ter\u00e7a-feira, o tempo fica firme e ensolarado no interior do Matopiba e tamb\u00e9m no Sul do pa\u00eds. J\u00e1 o sul de Minas Gerais, S\u00e3o Paulo e as \u00e1reas de tr\u00edplice divisa da regi\u00e3o Centro-Oeste devem registrar pancadas de chuva.<\/p>\n<\/div>\n<div>\n<p>As temperaturas seguem em forte contraste pelo pa\u00eds. Enquanto as m\u00e1ximas no Tocantins podem atingir os 35\u202f\u00b0C, no Rio Grande do Sul os term\u00f4metros n\u00e3o devem passar dos 10\u202f\u00b0C.<\/p>\n<p>A previs\u00e3o para os pr\u00f3ximos cinco dias indica chuvas mais frequentes nas regi\u00f5es Sudeste e Centro-Oeste, o que pode contribuir para elevar a umidade relativa do ar. No Norte, as precipita\u00e7\u00f5es se espalham, mas ainda sem volumes expressivos. J\u00e1 o interior do Nordeste segue com tempo seco.<\/p>\n<p>M\u00fcller destaca que, apesar da chuva prevista, os acumulados n\u00e3o devem ultrapassar 30 mm no per\u00edodo, o que \u00e9 considerado positivo para manter a boa umidade do solo sem prejudicar os trabalhos no campo.<\/p>\n<p>A maior aten\u00e7\u00e3o, segundo o meteorologista, continua sendo a queda brusca de temperatura nesta ter\u00e7a e quarta-feira (25), com potencial para impactos na agricultura e na rotina das regi\u00f5es mais afetadas.<\/p>\n<div data-icp-cta=\"1\" id=\"icp-cta-unique\">Voc\u00ea quer entender como usar o clima a seu favor?<b> <\/b><a href=\"https:\/\/climacampo.canalrural.com.br\/climacampo_-01\">Preparamos um e-book exclusivo<\/a> para ajudar produtores rurais a se antecipar \u00e0s mudan\u00e7as do tempo e planejar melhor suas a\u00e7\u00f5es. Com base em previs\u00f5es meteorol\u00f3gicas confi\u00e1veis, ele oferece orienta\u00e7\u00f5es pr\u00e1ticas para proteger sua lavoura e otimizar seus resultados.<\/div>\n<\/div>\n<p><br \/>\n<br \/><a href=\"https:\/\/www.canalrural.com.br\/tempo\/nova-frente-fria-provoca-3a-onda-de-frio-e-temperaturas-despencam-saiba-onde\/\">Source link <\/a><\/p>\n","protected":false},"excerpt":{"rendered":"<p>Uma nova frente fria avan\u00e7a pelo Brasil central nos pr\u00f3ximos dias e provoca mudan\u00e7as significativas no tempo, segundo previs\u00e3o do<\/p>\n","protected":false},"author":1,"featured_media":2359,"comment_status":"open","ping_status":"open","sticky":false,"template":"","format":"standard","meta":{"_monsterinsights_skip_tracking":false,"_monsterinsights_sitenote_active":false,"_monsterinsights_sitenote_note":"","_monsterinsights_sitenote_category":0,"_uf_show_specific_survey":0,"_uf_disable_surveys":false,"footnotes":""},"categories":[1],"tags":[],"class_list":["post-15457","post","type-post","status-publish","format-standard","has-post-thumbnail","hentry","category-news"],"_links":{"self":[{"href":"https:\/\/agromt.news\/index.php?rest_route=\/wp\/v2\/posts\/15457"}],"collection":[{"href":"https:\/\/agromt.news\/index.php?rest_route=\/wp\/v2\/posts"}],"about":[{"href":"https:\/\/agromt.news\/index.php?rest_route=\/wp\/v2\/types\/post"}],"author":[{"embeddable":true,"href":"https:\/\/agromt.news\/index.php?rest_route=\/wp\/v2\/users\/1"}],"replies":[{"embeddable":true,"href":"https:\/\/agromt.news\/index.php?rest_route=%2Fwp%2Fv2%2Fcomments&post=15457"}],"version-history":[{"count":0,"href":"https:\/\/agromt.news\/index.php?rest_route=\/wp\/v2\/posts\/15457\/revisions"}],"wp:featuredmedia":[{"embeddable":true,"href":"https:\/\/agromt.news\/index.php?rest_route=\/wp\/v2\/media\/2359"}],"wp:attachment":[{"href":"https:\/\/agromt.news\/index.php?rest_route=%2Fwp%2Fv2%2Fmedia&parent=15457"}],"wp:term":[{"taxonomy":"category","embeddable":true,"href":"https:\/\/agromt.news\/index.php?rest_route=%2Fwp%2Fv2%2Fcategories&post=15457"},{"taxonomy":"post_tag","embeddable":true,"href":"https:\/\/agromt.news\/index.php?rest_route=%2Fwp%2Fv2%2Ftags&post=15457"}],"curies":[{"name":"wp","href":"https:\/\/api.w.org\/{rel}","templated":true}]}}