{"id":15455,"date":"2025-06-23T15:16:47","date_gmt":"2025-06-23T19:16:47","guid":{"rendered":"https:\/\/agromt.news\/?p=15455"},"modified":"2025-06-23T15:16:47","modified_gmt":"2025-06-23T19:16:47","slug":"nova-massa-de-ar-polar-deve-provocar-geada-em-estados-onde-o-fenomeno-e-raro","status":"publish","type":"post","link":"https:\/\/agromt.news\/?p=15455","title":{"rendered":"Nova massa de ar polar deve provocar geada em estados onde o fen\u00f4meno \u00e9 raro"},"content":{"rendered":"<p> <br \/>\n<\/p>\n<div>\n<p>Uma forte massa de ar polar ingressa sobre o Centro-Sul do Brasil a partir desta ter\u00e7a-feira (24), prev\u00ea a Climatempo.<\/p>\n<div data-icp-cta=\"1\" id=\"icp-cta-unique\">Voc\u00ea quer entender como usar o clima a seu favor?<b> <\/b><a href=\"https:\/\/climacampo.canalrural.com.br\/climacampo_-01\">Preparamos um e-book exclusivo<\/a> para ajudar produtores rurais a se antecipar \u00e0s mudan\u00e7as do tempo e planejar melhor suas a\u00e7\u00f5es. Com base em previs\u00f5es meteorol\u00f3gicas confi\u00e1veis, ele oferece orienta\u00e7\u00f5es pr\u00e1ticas para proteger sua lavoura e otimizar seus resultados.<\/div>\n<p>Assim, o frio ganhar\u00e1 for\u00e7a em \u00e1reas que, mesmo no inverno, n\u00e3o costumam ter geada, como <strong>S\u00e3o Paulo e Mato Grosso do Sul<\/strong> (veja nos mapas abaixo). <\/p>\n<p>Conforme a empresa de climatologia, o avan\u00e7o desse sistema est\u00e1 associado a um centro de alta press\u00e3o sobre o Atl\u00e2ntico Sul e \u00e0 atua\u00e7\u00e3o de uma frente fria que se move lentamente pela faixa central do pa\u00eds.<\/p>\n<h2 class=\"wp-block-heading\" id=\"h-muito-frio-ate-sexta\">Muito frio at\u00e9 sexta<\/h2>\n<figure class=\"wp-block-image size-full\"><img fetchpriority=\"high\" decoding=\"async\" width=\"768\" height=\"432\" alt=\"Terceira onda de frio\" class=\"wp-image-4105882\"  data-lazy- src=\"https:\/\/agromt.news\/wp-content\/uploads\/2025\/06\/Nova-massa-de-ar-polar-deve-provocar-geada-em-estados.jpeg\"\/><img decoding=\"async\" width=\"768\" height=\"432\" src=\"https:\/\/agromt.news\/wp-content\/uploads\/2025\/06\/Nova-massa-de-ar-polar-deve-provocar-geada-em-estados.jpeg\" alt=\"Terceira onda de frio\" class=\"wp-image-4105882\"  \/><figcaption class=\"wp-element-caption\">Foto: Climatempo<\/figcaption><\/figure>\n<p>Ao longo desta semana, a massa de ar polar seguir\u00e1 presente no Centro-Sul do Brasil, deixando as temperaturas reduzidas e abaixo da m\u00e9dia. Como mostra o mapa acima, a \u201conda de frio\u201d se estender\u00e1 de segunda (23) at\u00e9 sexta-feira (27), com destaque para as \u00e1reas em azul escuro, onde a queda das temperaturas ser\u00e1 mais significativa.<\/p>\n<\/div>\n<div>\n<p>\u201cCom o refor\u00e7o da massa polar, o risco de geada aumenta de forma generalizada nos <strong>tr\u00eas estados do Sul do Brasil<\/strong>. Al\u00e9m disso, o sul de <strong><a href=\"https:\/\/www.canalrural.com.br\/tag\/sao-paulo\/\">S\u00e3o Paulo<\/a><\/strong> e de Mato Grosso do Sul tamb\u00e9m podem registrar finas camadas de gelo ao amanhecer devido as baixas temperaturas que ser\u00e3o registradas pela manh\u00e3\u201d, diz a nota da Climatempo.<\/p>\n<h2 class=\"wp-block-heading\" id=\"h-por-que-essa-geada-e-incomum\">Por que essa geada \u00e9 incomum?<\/h2>\n<figure class=\"wp-block-image size-full\"><img decoding=\"async\" width=\"1023\" height=\"593\" alt=\"Risco de geada em MS e SP\" class=\"wp-image-4105885\"  data-lazy- src=\"https:\/\/agromt.news\/wp-content\/uploads\/2025\/06\/Nova-massa-de-ar-polar-deve-provocar-geada-em-estados.jpg\"\/><img loading=\"lazy\" decoding=\"async\" width=\"1023\" height=\"593\" src=\"https:\/\/agromt.news\/wp-content\/uploads\/2025\/06\/Nova-massa-de-ar-polar-deve-provocar-geada-em-estados.jpg\" alt=\"Risco de geada em MS e SP\" class=\"wp-image-4105885\"  \/><figcaption class=\"wp-element-caption\">Risco de geada para esta ter\u00e7a-feira (24)<\/figcaption><\/figure>\n<p>A geada exige temperaturas abaixo de 4\u00b0C para que o orvalho congele \u2014 condi\u00e7\u00e3o rara em grandes \u00e1reas de S\u00e3o Paulo e Mato Grosso do Sul, especialmente em altitudes mais baixas.<\/p>\n<p>De acordo com a Climatempo, mesmo sem atingir esse limiar em toda a extens\u00e3o desses estados, a massa polar, a primeira do inverno, demonstra sua for\u00e7a ao derrubar term\u00f4metros e criar condi\u00e7\u00f5es favor\u00e1veis \u00e0 forma\u00e7\u00e3o de geada.<\/p>\n<\/p><\/div>\n<p><br \/>\n<br \/><a href=\"https:\/\/www.canalrural.com.br\/tempo\/nova-massa-de-ar-polar-deve-levar-geadas-a-estados-onde-fenomeno-e-raro\/\">Source link <\/a><\/p>\n","protected":false},"excerpt":{"rendered":"<p>Uma forte massa de ar polar ingressa sobre o Centro-Sul do Brasil a partir desta ter\u00e7a-feira (24), prev\u00ea a Climatempo.<\/p>\n","protected":false},"author":1,"featured_media":15456,"comment_status":"open","ping_status":"open","sticky":false,"template":"","format":"standard","meta":{"_monsterinsights_skip_tracking":false,"_monsterinsights_sitenote_active":false,"_monsterinsights_sitenote_note":"","_monsterinsights_sitenote_category":0,"_uf_show_specific_survey":0,"_uf_disable_surveys":false,"footnotes":""},"categories":[1],"tags":[],"class_list":["post-15455","post","type-post","status-publish","format-standard","has-post-thumbnail","hentry","category-news"],"_links":{"self":[{"href":"https:\/\/agromt.news\/index.php?rest_route=\/wp\/v2\/posts\/15455"}],"collection":[{"href":"https:\/\/agromt.news\/index.php?rest_route=\/wp\/v2\/posts"}],"about":[{"href":"https:\/\/agromt.news\/index.php?rest_route=\/wp\/v2\/types\/post"}],"author":[{"embeddable":true,"href":"https:\/\/agromt.news\/index.php?rest_route=\/wp\/v2\/users\/1"}],"replies":[{"embeddable":true,"href":"https:\/\/agromt.news\/index.php?rest_route=%2Fwp%2Fv2%2Fcomments&post=15455"}],"version-history":[{"count":0,"href":"https:\/\/agromt.news\/index.php?rest_route=\/wp\/v2\/posts\/15455\/revisions"}],"wp:featuredmedia":[{"embeddable":true,"href":"https:\/\/agromt.news\/index.php?rest_route=\/wp\/v2\/media\/15456"}],"wp:attachment":[{"href":"https:\/\/agromt.news\/index.php?rest_route=%2Fwp%2Fv2%2Fmedia&parent=15455"}],"wp:term":[{"taxonomy":"category","embeddable":true,"href":"https:\/\/agromt.news\/index.php?rest_route=%2Fwp%2Fv2%2Fcategories&post=15455"},{"taxonomy":"post_tag","embeddable":true,"href":"https:\/\/agromt.news\/index.php?rest_route=%2Fwp%2Fv2%2Ftags&post=15455"}],"curies":[{"name":"wp","href":"https:\/\/api.w.org\/{rel}","templated":true}]}}