{"id":15451,"date":"2025-06-23T14:03:52","date_gmt":"2025-06-23T18:03:52","guid":{"rendered":"https:\/\/agromt.news\/?p=15451"},"modified":"2025-06-23T14:03:52","modified_gmt":"2025-06-23T18:03:52","slug":"demanda-por-etanol-pode-sustentar-o-milho","status":"publish","type":"post","link":"https:\/\/agromt.news\/?p=15451","title":{"rendered":"Demanda por etanol pode sustentar o milho"},"content":{"rendered":"<p> <br \/>\n<\/p>\n<div>\n<p style=\"text-align:justify\">A alta nas cota\u00e7\u00f5es internacionais do petr\u00f3leo, provocada pela escalada do conflito no Oriente M\u00e9dio, trouxe reflexos diretos para o mercado de milho. Segundo an\u00e1lise da <a href=\"http:\/\/www.graodireto.com.br\" target=\"_blank\" rel=\"noopener\">Gr\u00e3o Direto<\/a>, divulgada nesta segunda-feira (23), o movimento favorece as usinas de etanol \u00e0 base de milho, que passam a operar com margens mais ajustadas. Em per\u00edodos de encarecimento dos combust\u00edveis f\u00f3sseis, o consumo de etanol tende a aumentar, elevando a competitividade do biocombust\u00edvel frente \u00e0 gasolina. \u201cCom melhores margens, as usinas podem ampliar suas compras no mercado dom\u00e9stico, funcionando como fator de conten\u00e7\u00e3o sobre os volumes dispon\u00edveis para exporta\u00e7\u00e3o\u201d, aponta a an\u00e1lise. Essa demanda interna, ainda que pontual, pode ajudar a suavizar a press\u00e3o de baixa nos pre\u00e7os causada pela entrada da colheita no mercado.&#13;\n<\/p>\n<p style=\"text-align:justify\">O ritmo da colheita da segunda safra segue abaixo do esperado. At\u00e9 20 de junho, apenas 14,08% da \u00e1rea total havia sido colhida, n\u00famero inferior ao registrado no mesmo per\u00edodo do ano passado, quando o \u00edndice era de 37,57%. A m\u00e9dia dos \u00faltimos cinco anos \u00e9 de 26,76%. Segundo a Gr\u00e3o Direto, os dados indicam um dos menores avan\u00e7os j\u00e1 registrados para o per\u00edodo, o que acende um sinal de alerta.<\/p>\n<p style=\"text-align:justify\">As previs\u00f5es meteorol\u00f3gicas apontam a possibilidade de chuvas nos dias 23 e 24 de junho em regi\u00f5es produtoras como Mato Grosso, Goi\u00e1s, Paran\u00e1, S\u00e3o Paulo, Minas Gerais e Mato Grosso do Sul, que juntas concentram cerca de 90% da produ\u00e7\u00e3o da segunda safra. Atualmente, 61,2% das lavouras est\u00e3o na fase de matura\u00e7\u00e3o. A expectativa \u00e9 que as chuvas elevem a umidade dos gr\u00e3os, dificultem a colheita e afetem a qualidade do milho. O atraso nas opera\u00e7\u00f5es, combinado com uma safra de produ\u00e7\u00e3o elevada, pode gerar press\u00e3o sobre a capacidade de armazenamento, levando \u00e0 sobreposi\u00e7\u00e3o de safras, problemas log\u00edsticos e aumento dos custos com secagem e armazenagem. A Gr\u00e3o Direto avalia que a log\u00edstica ser\u00e1 um fator decisivo nas pr\u00f3ximas semanas, especialmente para evitar conflitos de janelas com outros produtos agr\u00edcolas, como a soja remanescente.&#13;\n<\/p>\n<p style=\"text-align:justify\">O poss\u00edvel reaquecimento das usinas de etanol, impulsionado pela alta do petr\u00f3leo, pode oferecer suporte adicional aos pre\u00e7os no curto prazo. No entanto, a Gr\u00e3o Direto destaca que o mercado deve permanecer vol\u00e1til, com oscila\u00e7\u00f5es regionais marcadas pela evolu\u00e7\u00e3o da colheita e pelo ritmo das compras internas.<\/p>\n<\/p><\/div>\n<p><script data-cfasync=\"false\">\n    !function (f, b, e, v, n, t, s) {\n        if (f.fbq) return; n = f.fbq = function () {\n            n.callMethod ?\n                n.callMethod.apply(n, arguments) : n.queue.push(arguments)\n        };\n        if (!f._fbq) f._fbq = n; n.push = n; n.loaded = !0; n.version = '2.0';\n        n.queue = []; t = b.createElement(e); t.async = !0;\n        t.src = v; s = b.getElementsByTagName(e)[0];\n        s.parentNode.insertBefore(t, s)\n    }(window, document, 'script',\n        'https:\/\/connect.facebook.net\/en_US\/fbevents.js');\n    fbq('init', '522546078623747');\n    fbq('track', 'PageView');\n<\/script><br \/>\n<br \/><br \/>\n<br \/><a href=\"https:\/\/www.agrolink.com.br\/noticias\/demanda-por-etanol-pode-sustentar-o-milho_503153.html\">Source link <\/a><\/p>\n","protected":false},"excerpt":{"rendered":"<p>A alta nas cota\u00e7\u00f5es internacionais do petr\u00f3leo, provocada pela escalada do conflito no Oriente M\u00e9dio, trouxe reflexos diretos para o<\/p>\n","protected":false},"author":1,"featured_media":1615,"comment_status":"open","ping_status":"open","sticky":false,"template":"","format":"standard","meta":{"_monsterinsights_skip_tracking":false,"_monsterinsights_sitenote_active":false,"_monsterinsights_sitenote_note":"","_monsterinsights_sitenote_category":0,"_uf_show_specific_survey":0,"_uf_disable_surveys":false,"footnotes":""},"categories":[8,1,14],"tags":[],"class_list":["post-15451","post","type-post","status-publish","format-standard","has-post-thumbnail","hentry","category-agro","category-news","category-politica-agro"],"_links":{"self":[{"href":"https:\/\/agromt.news\/index.php?rest_route=\/wp\/v2\/posts\/15451"}],"collection":[{"href":"https:\/\/agromt.news\/index.php?rest_route=\/wp\/v2\/posts"}],"about":[{"href":"https:\/\/agromt.news\/index.php?rest_route=\/wp\/v2\/types\/post"}],"author":[{"embeddable":true,"href":"https:\/\/agromt.news\/index.php?rest_route=\/wp\/v2\/users\/1"}],"replies":[{"embeddable":true,"href":"https:\/\/agromt.news\/index.php?rest_route=%2Fwp%2Fv2%2Fcomments&post=15451"}],"version-history":[{"count":0,"href":"https:\/\/agromt.news\/index.php?rest_route=\/wp\/v2\/posts\/15451\/revisions"}],"wp:featuredmedia":[{"embeddable":true,"href":"https:\/\/agromt.news\/index.php?rest_route=\/wp\/v2\/media\/1615"}],"wp:attachment":[{"href":"https:\/\/agromt.news\/index.php?rest_route=%2Fwp%2Fv2%2Fmedia&parent=15451"}],"wp:term":[{"taxonomy":"category","embeddable":true,"href":"https:\/\/agromt.news\/index.php?rest_route=%2Fwp%2Fv2%2Fcategories&post=15451"},{"taxonomy":"post_tag","embeddable":true,"href":"https:\/\/agromt.news\/index.php?rest_route=%2Fwp%2Fv2%2Ftags&post=15451"}],"curies":[{"name":"wp","href":"https:\/\/api.w.org\/{rel}","templated":true}]}}