{"id":15447,"date":"2025-06-23T13:07:22","date_gmt":"2025-06-23T17:07:22","guid":{"rendered":"https:\/\/agromt.news\/?p=15447"},"modified":"2025-06-23T13:07:22","modified_gmt":"2025-06-23T17:07:22","slug":"normalizacao-total-da-exportacao-de-carne-de-frango-deve-ocorrer-em-julho-diz-abpa","status":"publish","type":"post","link":"https:\/\/agromt.news\/?p=15447","title":{"rendered":"Normaliza\u00e7\u00e3o total da exporta\u00e7\u00e3o de carne de frango deve ocorrer em julho, diz ABPA"},"content":{"rendered":"<p> <br \/>\n<br \/><img decoding=\"async\" src=\"https:\/\/agromt.news\/wp-content\/uploads\/2024\/10\/Frango-SC-exporta-231-mais-carne-e-tem-melhor-desempenho.jpg\" \/><\/p>\n<div>\n<p>O presidente da Associa\u00e7\u00e3o Brasileira de Prote\u00edna Animal <strong><a href=\"http:\/\/www.canalrural.com.br\/tag\/abpa\/\">(ABPA)<\/a><\/strong>, Ricardo Santin, afirmou que, com o reconhecimento oficial da Organiza\u00e7\u00e3o Mundial de Sa\u00fade Animal (OMSA) sobre o fim do caso de influenza avi\u00e1ria de alta patogenicidade (H5N1), a gripe avi\u00e1ria, em plantel comercial no pa\u00eds, n\u00e3o h\u00e1 mais justificativas t\u00e9cnicas para a manuten\u00e7\u00e3o de restri\u00e7\u00f5es \u00e0s exporta\u00e7\u00f5es brasileiras de carne de aves. Por isso, acredita que a plena normaliza\u00e7\u00e3o do com\u00e9rcio internacional deve ocorrer ao longo do pr\u00f3ximo m\u00eas. <\/p>\n<p>\u201cO Brasil est\u00e1 livre. Voc\u00ea n\u00e3o tem, tecnicamente, nenhum motivo a mais para dizer \u2018eu n\u00e3o confio&#8217;\u201d, disse Santin. \u201cCom o reconhecimento da OMSA, n\u00e3o h\u00e1 motivo t\u00e9cnico para n\u00e3o se comprar do Brasil\u201d, acrescentou. \u201cEsperamos que a normaliza\u00e7\u00e3o total da exporta\u00e7\u00e3o ocorra ao longo de julho\u201d, afirmou. <\/p>\n<p>Segundo ele, ainda ser\u00e1 necess\u00e1rio respeitar exig\u00eancias espec\u00edficas de cada pa\u00eds \u2013 como per\u00edodos m\u00ednimos livres da doen\u00e7a -, mas o processo deve avan\u00e7ar rapidamente ap\u00f3s o referendo da OMSA. <\/p>\n<p>A previs\u00e3o vem ap\u00f3s a entidade internacional declarar encerrado o caso registrado em uma granja comercial em Montenegro (RS), e considerar que o Brasil voltou a ser oficialmente livre da doen\u00e7a. <\/p>\n<\/div>\n<div>\n<p>Com a nova condi\u00e7\u00e3o sanit\u00e1ria, a ABPA espera uma rea\u00e7\u00e3o r\u00e1pida dos mercados importadores. \u201cAgora a gente vai ter que negociar com os pa\u00edses que, em tese, devem suspender as restri\u00e7\u00f5es. Segunda-feira a gente j\u00e1 devia estar recebendo a comunica\u00e7\u00e3o de todo mundo dizendo: \u2018levanta a suspens\u00e3o para mim\u2019. Mas \u00e9 uma decis\u00e3o de cada pa\u00eds\u201d, afirmou Santin. <\/p>\n<p>Segundo ele, a prioridade nas conversas est\u00e1 voltada para mercados estrat\u00e9gicos como Uni\u00e3o Europeia e China. \u201cEsse \u00e9 o nosso foco agora. Todos os adidos agr\u00edcolas j\u00e1 est\u00e3o transmitindo as informa\u00e7\u00f5es oficiais \u00e0s autoridades de seus respectivos pa\u00edses\u201d, disse. <\/p>\n<p>Apesar do impacto gerado pelas suspens\u00f5es, Santin avalia que os efeitos foram limitados. A ABPA contabilizou queda de 12,9% no volume de carne de aves embarcado em maio. O n\u00edvel de recuo \u00e9 semelhante nas primeiras semanas de junho. \u201cCa\u00edmos apenas 12,9% nas exporta\u00e7\u00f5es mesmo com a suspens\u00e3o de pa\u00edses importantes. Mais de 125 pa\u00edses ficaram abertos\u201d, disse. <\/p>\n<p>O presidente da entidade citou, como exemplo, a libera\u00e7\u00e3o do M\u00e9xico, que reduziu a restri\u00e7\u00e3o ao Rio Grande do Sul antes mesmo do an\u00fancio da OMSA, para referendar a expectativa de acelera\u00e7\u00e3o dos embarques nos pr\u00f3ximos dias.<\/p>\n<\/p><\/div>\n<p><br \/>\n<br \/><a href=\"https:\/\/www.canalrural.com.br\/aves-e-suinos\/normalizacao-total-da-exportacao-de-carne-de-frango-deve-ocorrer-em-julho-diz-abpa\/\">Source link <\/a><\/p>\n","protected":false},"excerpt":{"rendered":"<p>O presidente da Associa\u00e7\u00e3o Brasileira de Prote\u00edna Animal (ABPA), Ricardo Santin, afirmou que, com o reconhecimento oficial da Organiza\u00e7\u00e3o Mundial<\/p>\n","protected":false},"author":1,"featured_media":13830,"comment_status":"open","ping_status":"open","sticky":false,"template":"","format":"standard","meta":{"_monsterinsights_skip_tracking":false,"_monsterinsights_sitenote_active":false,"_monsterinsights_sitenote_note":"","_monsterinsights_sitenote_category":0,"_uf_show_specific_survey":0,"_uf_disable_surveys":false,"footnotes":""},"categories":[1],"tags":[],"class_list":["post-15447","post","type-post","status-publish","format-standard","has-post-thumbnail","hentry","category-news"],"_links":{"self":[{"href":"https:\/\/agromt.news\/index.php?rest_route=\/wp\/v2\/posts\/15447"}],"collection":[{"href":"https:\/\/agromt.news\/index.php?rest_route=\/wp\/v2\/posts"}],"about":[{"href":"https:\/\/agromt.news\/index.php?rest_route=\/wp\/v2\/types\/post"}],"author":[{"embeddable":true,"href":"https:\/\/agromt.news\/index.php?rest_route=\/wp\/v2\/users\/1"}],"replies":[{"embeddable":true,"href":"https:\/\/agromt.news\/index.php?rest_route=%2Fwp%2Fv2%2Fcomments&post=15447"}],"version-history":[{"count":0,"href":"https:\/\/agromt.news\/index.php?rest_route=\/wp\/v2\/posts\/15447\/revisions"}],"wp:featuredmedia":[{"embeddable":true,"href":"https:\/\/agromt.news\/index.php?rest_route=\/wp\/v2\/media\/13830"}],"wp:attachment":[{"href":"https:\/\/agromt.news\/index.php?rest_route=%2Fwp%2Fv2%2Fmedia&parent=15447"}],"wp:term":[{"taxonomy":"category","embeddable":true,"href":"https:\/\/agromt.news\/index.php?rest_route=%2Fwp%2Fv2%2Fcategories&post=15447"},{"taxonomy":"post_tag","embeddable":true,"href":"https:\/\/agromt.news\/index.php?rest_route=%2Fwp%2Fv2%2Ftags&post=15447"}],"curies":[{"name":"wp","href":"https:\/\/api.w.org\/{rel}","templated":true}]}}