{"id":15445,"date":"2025-06-23T12:10:39","date_gmt":"2025-06-23T16:10:39","guid":{"rendered":"https:\/\/agromt.news\/?p=15445"},"modified":"2025-06-23T12:10:39","modified_gmt":"2025-06-23T16:10:39","slug":"tributacao-do-iof-vai-impactar-o-plano-safra-2025-26","status":"publish","type":"post","link":"https:\/\/agromt.news\/?p=15445","title":{"rendered":"Tributa\u00e7\u00e3o do IOF vai impactar o Plano Safra 2025\/26?"},"content":{"rendered":"<p> <br \/>\n<br \/><img decoding=\"async\" src=\"https:\/\/agromt.news\/wp-content\/uploads\/2025\/06\/Tributacao-do-IOF-vai-impactar-o-Plano-Safra-202526.png\" \/><\/p>\n<div>\n<p>A C\u00e2mara dos Deputados <a href=\"https:\/\/www.canalrural.com.br\/?s=IOF\">aprovou <\/a>o regime de urg\u00eancia para o Projeto de Decreto Legislativo (PDL) 314\/25, do l\u00edder da oposi\u00e7\u00e3o, deputado Zucco (PL-RS), que suspende o decreto do governo que amenizou o aumento de al\u00edquotas do Imposto sobre Opera\u00e7\u00f5es Financeiras (IOF). O requerimento foi aprovado. Agora, Proposta poder\u00e1 ser votada nas pr\u00f3ximas sess\u00f5es do Plen\u00e1rio sem precisar passar antes pelas comiss\u00f5es da Casa.<\/p>\n<figure class=\"wp-block-embed is-type-video is-provider-youtube wp-block-embed-youtube wp-embed-aspect-16-9 wp-has-aspect-ratio\">\n<p>\n<iframe title=\"Tributa\u00e7\u00e3o do IOF vai impactar o Plano Safra 2025\/26?\" width=\"800\" height=\"450\" src=\"https:\/\/www.youtube.com\/embed\/hnpL3zDN5NI?feature=oembed\" frameborder=\"0\" allow=\"accelerometer; autoplay; clipboard-write; encrypted-media; gyroscope; picture-in-picture; web-share\" referrerpolicy=\"strict-origin-when-cross-origin\" allowfullscreen><\/iframe>\n<\/p>\n<\/figure>\n<ul class=\"wp-block-list\">\n<li><strong><em>Fique por dentro das novidades e not\u00edcias recentes sobre a soja! Participe da nossa comunidade atrav\u00e9s do\u00a0<a href=\"https:\/\/chat.whatsapp.com\/BmMRwA0TZ2DHGyhzoaVEWu\">link<\/a><\/em><\/strong>!<\/li>\n<\/ul>\n<p>Para Marcelo Winter, especialista em direito do <a href=\"https:\/\/www.canalrural.com.br\/?s=agroneg%C3%B3cio\">agroneg\u00f3cio <\/a>no escrit\u00f3rio VBSO Advogados e professor do Insper, a medida \u00e9 urgente diante da desorganiza\u00e7\u00e3o que a nova tributa\u00e7\u00e3o pode causar ao setor produtivo. \u201cFalta di\u00e1logo entre o governo e o agroneg\u00f3cio. Quem planta e comercializa precisa se planejar com muita aten\u00e7\u00e3o. Os custos de produ\u00e7\u00e3o, os custos financeiros, o volume de investimentos. Tudo isso exige previsibilidade. Mudan\u00e7as repentinas como essa impactam o risco e desorganizam todo o planejamento do setor\u201d, afirmou.<\/p>\n<p>Winter explica que o aumento do IOF sobre instrumentos financeiros eleva o custo do capital e pode restringir o acesso ao cr\u00e9dito, especialmente para pequenos e m\u00e9dios produtores. \u201cO custo financeiro mais alto leva os produtores a reduzirem ou abandonarem suas capta\u00e7\u00f5es. Isso significa menos recursos dispon\u00edveis para compra de insumos, o que pode comprometer a produtividade e at\u00e9 provocar queda de safra\u201d, avaliou. Segundo ele, o impacto atinge diretamente a margem de lucro, que j\u00e1 \u00e9 apertada, e pode afetar a ado\u00e7\u00e3o de tecnologia e investimentos em infraestrutura.<\/p>\n<p>Embora a proposta do governo vise recompor o caixa por meio do aumento de tributos, Winter avalia que a estrat\u00e9gia \u00e9 equivocada. \u201cEssa nova tributa\u00e7\u00e3o n\u00e3o \u00e9 para aumentar os investimentos p\u00fablicos, mas sim para cobrir despesas e cumprir metas fiscais. Isso penaliza o setor produtivo e amea\u00e7a a competitividade global do agroneg\u00f3cio brasileiro\u201d, disse.<\/p>\n<\/div>\n<div>\n<p>O especialista destaca ainda que a medida n\u00e3o afeta o Plano Safra, cujos recursos s\u00e3o originados de fontes constitucionais pr\u00f3prias. \u201cA n\u00e3o aprova\u00e7\u00e3o da nova tributa\u00e7\u00e3o pode representar um desafio fiscal para o governo, mas n\u00e3o compromete a execu\u00e7\u00e3o do Plano Safra. O IOF n\u00e3o financia diretamente a agricultura e o pa\u00eds sempre operou sem esse imposto. \u00c9 fundamental que ele seja revogado.\u201d<\/p>\n<p>A cr\u00edtica ao imposto tamb\u00e9m \u00e9 compartilhada pelo presidente da Aprosoja Brasil, Maur\u00edcio Buffon, que considera a aprova\u00e7\u00e3o da urg\u00eancia um avan\u00e7o importante para o setor. Segundo ele, os CRAs s\u00e3o uma das principais fontes de financiamento do Plano Safra e a tentativa de tributar essa capta\u00e7\u00e3o em 5% teria impacto direto sobre os juros pagos pelos produtores.<\/p>\n<p>\u201cEstamos lutando para que os juros do Plano Safra n\u00e3o aumentem nem 1% ou 2%, e agora o governo quer tributar em 5% os recursos que sustentam o financiamento da atividade agr\u00edcola. J\u00e1 estamos operando com taxas livres entre 15% e 20% ao ano. Isso \u00e9 insustent\u00e1vel\u201d, declarou Buffon.<\/p>\n<p>Ele ressaltou que o IOF n\u00e3o tem rela\u00e7\u00e3o direta com o financiamento da agricultura. \u201cO Brasil sempre funcionou sem esse imposto. Agora inventaram essa tributa\u00e7\u00e3o e dizem que, sem ela, o pa\u00eds ter\u00e1 d\u00e9ficit. Isso n\u00e3o corresponde \u00e0 realidade. O que precisa ser feito \u00e9 a redu\u00e7\u00e3o da m\u00e1quina p\u00fablica e o controle das contas, n\u00e3o o aumento da carga tribut\u00e1ria sobre quem produz\u201d, disse.<\/p>\n<\/p><\/div>\n<p><br \/>\n<br \/><a href=\"https:\/\/www.canalrural.com.br\/agricultura\/projeto-soja-brasil\/tributacao-do-iof-vai-impactar-o-plano-safra-2025-26\/\">Source link <\/a><\/p>\n","protected":false},"excerpt":{"rendered":"<p>A C\u00e2mara dos Deputados aprovou o regime de urg\u00eancia para o Projeto de Decreto Legislativo (PDL) 314\/25, do l\u00edder da<\/p>\n","protected":false},"author":1,"featured_media":15446,"comment_status":"open","ping_status":"open","sticky":false,"template":"","format":"standard","meta":{"_monsterinsights_skip_tracking":false,"_monsterinsights_sitenote_active":false,"_monsterinsights_sitenote_note":"","_monsterinsights_sitenote_category":0,"_uf_show_specific_survey":0,"_uf_disable_surveys":false,"footnotes":""},"categories":[1],"tags":[],"class_list":["post-15445","post","type-post","status-publish","format-standard","has-post-thumbnail","hentry","category-news"],"_links":{"self":[{"href":"https:\/\/agromt.news\/index.php?rest_route=\/wp\/v2\/posts\/15445"}],"collection":[{"href":"https:\/\/agromt.news\/index.php?rest_route=\/wp\/v2\/posts"}],"about":[{"href":"https:\/\/agromt.news\/index.php?rest_route=\/wp\/v2\/types\/post"}],"author":[{"embeddable":true,"href":"https:\/\/agromt.news\/index.php?rest_route=\/wp\/v2\/users\/1"}],"replies":[{"embeddable":true,"href":"https:\/\/agromt.news\/index.php?rest_route=%2Fwp%2Fv2%2Fcomments&post=15445"}],"version-history":[{"count":0,"href":"https:\/\/agromt.news\/index.php?rest_route=\/wp\/v2\/posts\/15445\/revisions"}],"wp:featuredmedia":[{"embeddable":true,"href":"https:\/\/agromt.news\/index.php?rest_route=\/wp\/v2\/media\/15446"}],"wp:attachment":[{"href":"https:\/\/agromt.news\/index.php?rest_route=%2Fwp%2Fv2%2Fmedia&parent=15445"}],"wp:term":[{"taxonomy":"category","embeddable":true,"href":"https:\/\/agromt.news\/index.php?rest_route=%2Fwp%2Fv2%2Fcategories&post=15445"},{"taxonomy":"post_tag","embeddable":true,"href":"https:\/\/agromt.news\/index.php?rest_route=%2Fwp%2Fv2%2Ftags&post=15445"}],"curies":[{"name":"wp","href":"https:\/\/api.w.org\/{rel}","templated":true}]}}