{"id":15443,"date":"2025-06-23T11:56:17","date_gmt":"2025-06-23T15:56:17","guid":{"rendered":"https:\/\/agromt.news\/?p=15443"},"modified":"2025-06-23T11:56:17","modified_gmt":"2025-06-23T15:56:17","slug":"confirmada-quarta-morte-apos-chuvas-no-rio-grande-do-sul","status":"publish","type":"post","link":"https:\/\/agromt.news\/?p=15443","title":{"rendered":"Confirmada quarta morte ap\u00f3s chuvas no Rio Grande do Sul"},"content":{"rendered":"<p> <br \/>\n<\/p>\n<div>\n<p>A Defesa Civil do <strong><a href=\"https:\/\/www.canalrural.com.br\/nacional\/rio-grande-do-sul\/\">Rio Grande do Sul<\/a><\/strong> confirmou a quarta morte provocada pelas chuvas que atingem o estado desde a semana passada. O corpo de um homem, de 59 anos de idade, que estava desaparecido, foi localizado dentro de um ve\u00edculo nas \u00e1guas do Rio Dourado, em Aratiba.<img decoding=\"async\" src=\"https:\/\/agromt.news\/wp-content\/uploads\/2025\/06\/Confirmada-quarta-morte-apos-chuvas-no-Rio-Grande-do-Sul.png\"\/><img decoding=\"async\" src=\"https:\/\/agromt.news\/wp-content\/uploads\/2025\/06\/Confirmada-quarta-morte-apos-chuvas-no-Rio-Grande-do-Sul.png\"\/><img decoding=\"async\" src=\"https:\/\/agromt.news\/wp-content\/uploads\/2025\/06\/Confirmada-quarta-morte-apos-chuvas-no-Rio-Grande-do-Sul.gif\"\/><img decoding=\"async\" src=\"https:\/\/agromt.news\/wp-content\/uploads\/2025\/06\/Confirmada-quarta-morte-apos-chuvas-no-Rio-Grande-do-Sul.gif\"\/><\/p>\n<div data-icp-cta=\"1\" id=\"icp-cta-unique\">Voc\u00ea quer entender como usar o clima a seu favor?<b> <\/b><a href=\"https:\/\/climacampo.canalrural.com.br\/climacampo_-01\">Preparamos um e-book exclusivo<\/a> para ajudar produtores rurais a se antecipar \u00e0s mudan\u00e7as do tempo e planejar melhor suas a\u00e7\u00f5es. Com base em previs\u00f5es meteorol\u00f3gicas confi\u00e1veis, ele oferece orienta\u00e7\u00f5es pr\u00e1ticas para proteger sua lavoura e otimizar seus resultados.<\/div>\n<p>A informa\u00e7\u00e3o foi confirmada pela prefeitura da cidade e pelo Corpo de Bombeiros Militar.\u00a0<\/p>\n<p>\u201cAs autoridades que est\u00e3o apurando as circunst\u00e2ncias do \u00f3bito consideram a possibilidade que o ve\u00edculo tenha sido arrastado na quinta-feira (19), quando tentava cruzar uma ponte\u201d, informou a chefe da Comunica\u00e7\u00e3o Social da Defesa Civil estadual, Sabrina Ribas.<\/p>\n<p>De acordo com o boletim divulgado na manh\u00e3 desta segunda-feira (23), ainda h\u00e1 uma pessoa desaparecida e 132 munic\u00edpios j\u00e1 reportaram algum tipo de dano em decorr\u00eancia dos temporais e enchentes. Desses, o munic\u00edpio de Jaguari decretou estado de calamidade p\u00fablica e outros 21 munic\u00edpios est\u00e3o em situa\u00e7\u00e3o de emerg\u00eancia.<\/p>\n<p>No per\u00edodo, 733 pessoas foram resgatadas e 139 animais tamb\u00e9m foram retirados das \u00e1reas de risco para a vida. Atualmente, 6.258 pessoas permanecem desalojadas.<\/p>\n<h2 class=\"wp-block-heading\" id=\"h-previsao\">Previs\u00e3o<\/h2>\n<p>De acordo com o Instituto Nacional de Meteorologia (Inmet), uma frente fria atua sobre a Regi\u00e3o Sul do pa\u00eds provocando mais chuvas entre o norte do Rio Grande do Sul, Santa Catarina, Paran\u00e1 e o sul do Mato Grosso do Sul e a faixa sul de S\u00e3o Paulo. At\u00e9 a tarde desta ter\u00e7a-feira (24) h\u00e1 um alerta de perigo para ventos costeiros em grande parte do litoral riograndense, inclusive na regi\u00e3o metropolitana de Porta Alegre.<\/p>\n<p>A ocorr\u00eancia de temporais deve voltar a ser registrada no Rio Grande do Sul e no Paran\u00e1 e os term\u00f4metros devem cair ainda mais com condi\u00e7\u00f5es de geada para toda a Regi\u00e3o Sul, podendo se estender a algumas regi\u00f5es do Mato Grosso do Sul e de S\u00e3o Paulo.<\/p>\n<\/div>\n<div>\n<p><strong>A previs\u00e3o \u00e9 que a massa fria come\u00e7a a perder for\u00e7a gradativamente a partir de quarta-feira (25).<\/strong><\/p>\n<p><strong>Rios que j\u00e1 atingiram a cota de inunda\u00e7\u00e3o<\/strong>:<\/p>\n<ul class=\"wp-block-list\">\n<li>Uruguai (nos munic\u00edpios de S\u00e3o Borja a Uruguaiana) \u2013 tend\u00eancia de lenta eleva\u00e7\u00e3o;<\/li>\n<li>Ibirapuit\u00e3 (Alegrete) \u2013 tend\u00eancia de lento decl\u00ednio, com n\u00edveis ainda em inunda\u00e7\u00e3o nos pr\u00f3ximos dias;<\/li>\n<li>Ibicu\u00ed (Manoel Viana) \u2013 tend\u00eancia de lento decl\u00ednio, com n\u00edveis ainda em inunda\u00e7\u00e3o nos pr\u00f3ximos dias;<\/li>\n<li>Jacu\u00ed (Cachoeira do Sul at\u00e9 o delta do Jacu\u00ed) \u2013 constante decl\u00ednio em Cachoeira do Sul e estabilidade em S\u00e3o Jer\u00f4nimo, assim como estabilidade na regi\u00e3o das ilhas;<\/li>\n<li>Ilhas da regi\u00e3o metropolitana de Porto Alegre \u2013 tend\u00eancia de estabilidade e de manter os n\u00edveis elevados nos pr\u00f3ximos dias;<\/li>\n<li>Ca\u00ed (Montenegro) \u2013 tend\u00eancia de decl\u00ednio;<\/li>\n<li>Sinos (Campo Bom e S\u00e3o Leopoldo) \u2013 tend\u00eancia de estabilidade.<\/li>\n<\/ul>\n<p><strong>Rios em cota de alerta<\/strong>:<\/p>\n<ul class=\"wp-block-list\">\n<li>Ca\u00ed (Nova Palmira, S\u00e3o Sebasti\u00e3o do Ca\u00ed e Montenegro) \u2013 tend\u00eancia de eleva\u00e7\u00e3o em fun\u00e7\u00e3o das chuvas das \u00faltimas 24 horas;<\/li>\n<li>Gua\u00edba \u2013 tend\u00eancia de estabilidade de manter os n\u00edveis elevados durante os pr\u00f3ximos dias, n\u00e3o tem expectativa de atingir a cota de inunda\u00e7\u00e3o do Cais Mau\u00e1 ou Gas\u00f4metro;<\/li>\n<li>Gravata\u00ed (Gravata\u00ed e Alvorada) \u2013 tend\u00eancia de estabilidade mantendo os n\u00edveis elevados;<\/li>\n<li>Taquari (Taquari) \u2013 tend\u00eancia de estabilidade;<\/li>\n<li>Paranhana (Taquara) \u2013 tend\u00eancia entre decl\u00ednio e estabilidade;<\/li>\n<li>Santa Maria (Dom Pedrito) \u2013 tend\u00eancia de lento decl\u00ednio.<\/li>\n<\/ul>\n<p><strong>Rio em cota cota de aten\u00e7\u00e3o<\/strong>:<\/p>\n<ul class=\"wp-block-list\">\n<li>Quara\u00ed \u2013 tend\u00eancia de decl\u00ednio.<\/li>\n<li>Taquari (Porto Mariante) \u2013 tend\u00eancia de estabilidade;<\/li>\n<li>Ca\u00ed (Costa do Rio Cadeia) \u2013 tend\u00eancia de estabilidade;<\/li>\n<li>Santa Maria (Ros\u00e1rio do Sul) \u2013 tend\u00eancia de estabilidade;<\/li>\n<\/ul><\/div>\n<p><br \/>\n<br \/><a href=\"https:\/\/www.canalrural.com.br\/tempo\/confirmada-quarta-morte-apos-chuvas-no-rio-grande-do-sul\/\">Source link <\/a><\/p>\n","protected":false},"excerpt":{"rendered":"<p>A Defesa Civil do Rio Grande do Sul confirmou a quarta morte provocada pelas chuvas que atingem o estado desde<\/p>\n","protected":false},"author":1,"featured_media":15444,"comment_status":"open","ping_status":"open","sticky":false,"template":"","format":"standard","meta":{"_monsterinsights_skip_tracking":false,"_monsterinsights_sitenote_active":false,"_monsterinsights_sitenote_note":"","_monsterinsights_sitenote_category":0,"_uf_show_specific_survey":0,"_uf_disable_surveys":false,"footnotes":""},"categories":[1],"tags":[],"class_list":["post-15443","post","type-post","status-publish","format-standard","has-post-thumbnail","hentry","category-news"],"_links":{"self":[{"href":"https:\/\/agromt.news\/index.php?rest_route=\/wp\/v2\/posts\/15443"}],"collection":[{"href":"https:\/\/agromt.news\/index.php?rest_route=\/wp\/v2\/posts"}],"about":[{"href":"https:\/\/agromt.news\/index.php?rest_route=\/wp\/v2\/types\/post"}],"author":[{"embeddable":true,"href":"https:\/\/agromt.news\/index.php?rest_route=\/wp\/v2\/users\/1"}],"replies":[{"embeddable":true,"href":"https:\/\/agromt.news\/index.php?rest_route=%2Fwp%2Fv2%2Fcomments&post=15443"}],"version-history":[{"count":0,"href":"https:\/\/agromt.news\/index.php?rest_route=\/wp\/v2\/posts\/15443\/revisions"}],"wp:featuredmedia":[{"embeddable":true,"href":"https:\/\/agromt.news\/index.php?rest_route=\/wp\/v2\/media\/15444"}],"wp:attachment":[{"href":"https:\/\/agromt.news\/index.php?rest_route=%2Fwp%2Fv2%2Fmedia&parent=15443"}],"wp:term":[{"taxonomy":"category","embeddable":true,"href":"https:\/\/agromt.news\/index.php?rest_route=%2Fwp%2Fv2%2Fcategories&post=15443"},{"taxonomy":"post_tag","embeddable":true,"href":"https:\/\/agromt.news\/index.php?rest_route=%2Fwp%2Fv2%2Ftags&post=15443"}],"curies":[{"name":"wp","href":"https:\/\/api.w.org\/{rel}","templated":true}]}}