{"id":15441,"date":"2025-06-23T11:42:12","date_gmt":"2025-06-23T15:42:12","guid":{"rendered":"https:\/\/agromt.news\/?p=15441"},"modified":"2025-06-23T11:42:12","modified_gmt":"2025-06-23T15:42:12","slug":"precos-da-mandioca-caem-pela-oitava-semana-consecutiva","status":"publish","type":"post","link":"https:\/\/agromt.news\/?p=15441","title":{"rendered":"Pre\u00e7os da mandioca caem pela oitava semana consecutiva"},"content":{"rendered":"<p> <br \/>\n<br \/><img decoding=\"async\" src=\"https:\/\/agromt.news\/wp-content\/uploads\/2024\/09\/preco-medio-semanal-e-o-maior-do-ano.jpg\" \/><\/p>\n<div>\n<p>Mandiocultores seguem divididos entre as atividades de plantio e o interesse pela comercializa\u00e7\u00e3o. \u00c9 isso que mostram os levantamentos do <a href=\"https:\/\/www.canalrural.com.br\/tag\/cepea\/\">Centro de Estudos Avan\u00e7ados em Economia Aplicada (Cepea)<\/a>.<\/p>\n<p>O interesse dos produtores \u00e9 se capitalizar para o cultivo da safra 2025\/26, aumentando a oferta em um cen\u00e1rio de demanda mais arrefecida pela mat\u00e9ria-prima. Como aponta o Cepea.\u00a0<\/p>\n<p>Assim, os valores continuaram pressionados na \u00faltima semana, e a m\u00e9dia Cepea teve a 8\u00aa queda consecutiva.\u00a0<\/p>\n<\/div>\n<div>\n<p>O pre\u00e7o m\u00e9dio nominal a prazo para a tonelada de mandioca posta fecularia foi de R$ 525,20 (R$ 0,9134\/grama de amido). Valor este que representa um\u00a0 recuo de 2,2% em rela\u00e7\u00e3o ao per\u00edodo anterior e de 2,9% no acumulado de quatro semanas.\u00a0<\/p>\n<p>Apesar das recentes quedas, a m\u00e9dia atual supera em 15,2% a de intervalo equivalente do ano passado, em termos reais (deflacionamento pelo IGP-DI).<\/p>\n<p><em>*Sob supervis\u00e3o de Luis Roberto Toledo<\/em><\/p>\n<\/p><\/div>\n<p><br \/>\n<br \/><a href=\"https:\/\/www.canalrural.com.br\/agricultura\/precos-da-mandioca-caem-pela-oitava-semana-consecutiva\/\">Source link <\/a><\/p>\n","protected":false},"excerpt":{"rendered":"<p>Mandiocultores seguem divididos entre as atividades de plantio e o interesse pela comercializa\u00e7\u00e3o. \u00c9 isso que mostram os levantamentos do<\/p>\n","protected":false},"author":1,"featured_media":15442,"comment_status":"open","ping_status":"open","sticky":false,"template":"","format":"standard","meta":{"_monsterinsights_skip_tracking":false,"_monsterinsights_sitenote_active":false,"_monsterinsights_sitenote_note":"","_monsterinsights_sitenote_category":0,"_uf_show_specific_survey":0,"_uf_disable_surveys":false,"footnotes":""},"categories":[1],"tags":[],"class_list":["post-15441","post","type-post","status-publish","format-standard","has-post-thumbnail","hentry","category-news"],"_links":{"self":[{"href":"https:\/\/agromt.news\/index.php?rest_route=\/wp\/v2\/posts\/15441"}],"collection":[{"href":"https:\/\/agromt.news\/index.php?rest_route=\/wp\/v2\/posts"}],"about":[{"href":"https:\/\/agromt.news\/index.php?rest_route=\/wp\/v2\/types\/post"}],"author":[{"embeddable":true,"href":"https:\/\/agromt.news\/index.php?rest_route=\/wp\/v2\/users\/1"}],"replies":[{"embeddable":true,"href":"https:\/\/agromt.news\/index.php?rest_route=%2Fwp%2Fv2%2Fcomments&post=15441"}],"version-history":[{"count":0,"href":"https:\/\/agromt.news\/index.php?rest_route=\/wp\/v2\/posts\/15441\/revisions"}],"wp:featuredmedia":[{"embeddable":true,"href":"https:\/\/agromt.news\/index.php?rest_route=\/wp\/v2\/media\/15442"}],"wp:attachment":[{"href":"https:\/\/agromt.news\/index.php?rest_route=%2Fwp%2Fv2%2Fmedia&parent=15441"}],"wp:term":[{"taxonomy":"category","embeddable":true,"href":"https:\/\/agromt.news\/index.php?rest_route=%2Fwp%2Fv2%2Fcategories&post=15441"},{"taxonomy":"post_tag","embeddable":true,"href":"https:\/\/agromt.news\/index.php?rest_route=%2Fwp%2Fv2%2Ftags&post=15441"}],"curies":[{"name":"wp","href":"https:\/\/api.w.org\/{rel}","templated":true}]}}