{"id":15438,"date":"2025-06-23T10:57:52","date_gmt":"2025-06-23T14:57:52","guid":{"rendered":"https:\/\/agromt.news\/?p=15438"},"modified":"2025-06-23T10:57:52","modified_gmt":"2025-06-23T14:57:52","slug":"feijoes-comerciais-encerram-mais-uma-semana-em-queda","status":"publish","type":"post","link":"https:\/\/agromt.news\/?p=15438","title":{"rendered":"Feij\u00f5es comerciais encerram mais uma semana em queda"},"content":{"rendered":"<p> <br \/>\n<br \/><img decoding=\"async\" src=\"https:\/\/agromt.news\/wp-content\/uploads\/2025\/06\/Feijoes-comerciais-encerram-mais-uma-semana-em-queda.jpg\" \/><\/p>\n<div>\n<p>Por mais uma semana, os pre\u00e7os dos feij\u00f5es de melhor qualidade seguiram firmes, enquanto os dos comerciais recuaram. \u00c9 isso que mostram os levantamentos do <a href=\"https:\/\/www.canalrural.com.br\/tag\/cepea\/\">Centro de Estudos Avan\u00e7ados em Economia Aplicada (Cepea)<\/a>.<\/p>\n<p>De acordo com o instituto, a movimenta\u00e7\u00e3o ocorreu com maior intensidade nas regi\u00f5es em que o volume ofertado aumentou diante do avan\u00e7o da colheita da segunda safra. Os pesquisadores do Cepea explicam que a disponibilidade de lotes de feij\u00e3o com bom padr\u00e3o segue limitada no mercado nacional. Ao mesmo tempo, os gr\u00e3os comerciais registram ac\u00famulo de oferta das safras anteriores e avan\u00e7o da colheita atual.\u00a0<\/p>\n<\/div>\n<div>\n<p>No campo, quase 90% da \u00e1rea do Paran\u00e1 estava colhida at\u00e9 o dia 16 de junho, segundo o Deral\/Seab. Em Santa Catarina, a Epagri\/Cepa indicou que a colheita atingiu 94% da area. No Rio Grande do Sul, a Emater\/RS-Ascar a estima que muitas regi\u00f5es estejam finalizando a colheita, mas as atividades foram interrompidas e impactadas pelas chuvas constantes.\u00a0<\/p>\n<p>A Conab apontou que produtores de Minas Gerais iniciaram a colheita da segunda safra e que as lavouras da Bahia apresentam bom desenvolvimento. J\u00e1 a terceira safra tamb\u00e9m segue em desenvolvimento, com semeadura avan\u00e7ada em Minas Gerais e Bahia, e in\u00edcio da colheita nas \u00e1reas mais precoces de Goi\u00e1s.<\/p>\n<p><em>*Sob supervis\u00e3o de Luis Roberto Toledo<\/em><\/p>\n<\/p><\/div>\n<p><br \/>\n<br \/><a href=\"https:\/\/www.canalrural.com.br\/agricultura\/feijoes-comerciais-encerram-mais-uma-semana-em-queda\/\">Source link <\/a><\/p>\n","protected":false},"excerpt":{"rendered":"<p>Por mais uma semana, os pre\u00e7os dos feij\u00f5es de melhor qualidade seguiram firmes, enquanto os dos comerciais recuaram. \u00c9 isso<\/p>\n","protected":false},"author":1,"featured_media":15439,"comment_status":"open","ping_status":"open","sticky":false,"template":"","format":"standard","meta":{"_monsterinsights_skip_tracking":false,"_monsterinsights_sitenote_active":false,"_monsterinsights_sitenote_note":"","_monsterinsights_sitenote_category":0,"_uf_show_specific_survey":0,"_uf_disable_surveys":false,"footnotes":""},"categories":[1],"tags":[],"class_list":["post-15438","post","type-post","status-publish","format-standard","has-post-thumbnail","hentry","category-news"],"_links":{"self":[{"href":"https:\/\/agromt.news\/index.php?rest_route=\/wp\/v2\/posts\/15438"}],"collection":[{"href":"https:\/\/agromt.news\/index.php?rest_route=\/wp\/v2\/posts"}],"about":[{"href":"https:\/\/agromt.news\/index.php?rest_route=\/wp\/v2\/types\/post"}],"author":[{"embeddable":true,"href":"https:\/\/agromt.news\/index.php?rest_route=\/wp\/v2\/users\/1"}],"replies":[{"embeddable":true,"href":"https:\/\/agromt.news\/index.php?rest_route=%2Fwp%2Fv2%2Fcomments&post=15438"}],"version-history":[{"count":0,"href":"https:\/\/agromt.news\/index.php?rest_route=\/wp\/v2\/posts\/15438\/revisions"}],"wp:featuredmedia":[{"embeddable":true,"href":"https:\/\/agromt.news\/index.php?rest_route=\/wp\/v2\/media\/15439"}],"wp:attachment":[{"href":"https:\/\/agromt.news\/index.php?rest_route=%2Fwp%2Fv2%2Fmedia&parent=15438"}],"wp:term":[{"taxonomy":"category","embeddable":true,"href":"https:\/\/agromt.news\/index.php?rest_route=%2Fwp%2Fv2%2Fcategories&post=15438"},{"taxonomy":"post_tag","embeddable":true,"href":"https:\/\/agromt.news\/index.php?rest_route=%2Fwp%2Fv2%2Ftags&post=15438"}],"curies":[{"name":"wp","href":"https:\/\/api.w.org\/{rel}","templated":true}]}}