{"id":15436,"date":"2025-06-23T10:44:05","date_gmt":"2025-06-23T14:44:05","guid":{"rendered":"https:\/\/agromt.news\/?p=15436"},"modified":"2025-06-23T10:44:05","modified_gmt":"2025-06-23T14:44:05","slug":"perspectiva-de-oferta-elevada-pressiona-as-cotacoes","status":"publish","type":"post","link":"https:\/\/agromt.news\/?p=15436","title":{"rendered":"perspectiva de oferta elevada pressiona as cota\u00e7\u00f5es"},"content":{"rendered":"<p> <br \/>\n<br \/><img decoding=\"async\" src=\"https:\/\/agromt.news\/wp-content\/uploads\/2025\/06\/perspectiva-de-oferta-elevada-pressiona-as-cotacoes.jpg\" \/><\/p>\n<div>\n<p>As cota\u00e7\u00f5es do milho seguem em queda no Brasil, refletindo sobretudo a press\u00e3o exercida por compradores. \u00c9 isso o que apontam os levantamentos do <a href=\"https:\/\/www.canalrural.com.br\/tag\/cepea\/\">Centro de Estudos Avan\u00e7ados em Economia Aplicada (Cepea)<\/a>.<\/p>\n<p>Tamb\u00e9m justificam o movimento de baixa a perspectiva de oferta elevada nas pr\u00f3ximas semanas. Somado a isso, as limita\u00e7\u00f5es na capacidade de armazenamento, e as desvaloriza\u00e7\u00f5es externas do milho e do d\u00f3lar tamb\u00e9m pressionam as cota\u00e7\u00f5es.\u00a0<\/p>\n<p>Dessa forma, os pesquisadores do Cepea explicam que esses pontos contribuem para a redu\u00e7\u00e3o da paridade de exporta\u00e7\u00e3o.<\/p>\n<\/div>\n<div>\n<p>Atualmente, a estimativa para a segunda safra de milho pela Conab em 101 milh\u00f5es de toneladas, 12% superior \u00e0 anterior e a segunda maior da s\u00e9rie hist\u00f3rica da Companhia.\u00a0<\/p>\n<p>Assim, o centro de pesquisas observou quedas mais expressivas nos pre\u00e7os em regi\u00f5es produtoras onde os vendedores est\u00e3o mais flex\u00edveis neste in\u00edcio da colheita.<\/p>\n<p><em>*Sob supervis\u00e3o de Luis Roberto Toledo<\/em><\/p>\n<\/p><\/div>\n<p><br \/>\n<br \/><a href=\"https:\/\/www.canalrural.com.br\/agricultura\/milho-perspectiva-de-oferta-elevada-pressiona-as-cotacoes\/\">Source link <\/a><\/p>\n","protected":false},"excerpt":{"rendered":"<p>As cota\u00e7\u00f5es do milho seguem em queda no Brasil, refletindo sobretudo a press\u00e3o exercida por compradores. \u00c9 isso o que<\/p>\n","protected":false},"author":1,"featured_media":15437,"comment_status":"open","ping_status":"open","sticky":false,"template":"","format":"standard","meta":{"_monsterinsights_skip_tracking":false,"_monsterinsights_sitenote_active":false,"_monsterinsights_sitenote_note":"","_monsterinsights_sitenote_category":0,"_uf_show_specific_survey":0,"_uf_disable_surveys":false,"footnotes":""},"categories":[1],"tags":[],"class_list":["post-15436","post","type-post","status-publish","format-standard","has-post-thumbnail","hentry","category-news"],"_links":{"self":[{"href":"https:\/\/agromt.news\/index.php?rest_route=\/wp\/v2\/posts\/15436"}],"collection":[{"href":"https:\/\/agromt.news\/index.php?rest_route=\/wp\/v2\/posts"}],"about":[{"href":"https:\/\/agromt.news\/index.php?rest_route=\/wp\/v2\/types\/post"}],"author":[{"embeddable":true,"href":"https:\/\/agromt.news\/index.php?rest_route=\/wp\/v2\/users\/1"}],"replies":[{"embeddable":true,"href":"https:\/\/agromt.news\/index.php?rest_route=%2Fwp%2Fv2%2Fcomments&post=15436"}],"version-history":[{"count":0,"href":"https:\/\/agromt.news\/index.php?rest_route=\/wp\/v2\/posts\/15436\/revisions"}],"wp:featuredmedia":[{"embeddable":true,"href":"https:\/\/agromt.news\/index.php?rest_route=\/wp\/v2\/media\/15437"}],"wp:attachment":[{"href":"https:\/\/agromt.news\/index.php?rest_route=%2Fwp%2Fv2%2Fmedia&parent=15436"}],"wp:term":[{"taxonomy":"category","embeddable":true,"href":"https:\/\/agromt.news\/index.php?rest_route=%2Fwp%2Fv2%2Fcategories&post=15436"},{"taxonomy":"post_tag","embeddable":true,"href":"https:\/\/agromt.news\/index.php?rest_route=%2Fwp%2Fv2%2Ftags&post=15436"}],"curies":[{"name":"wp","href":"https:\/\/api.w.org\/{rel}","templated":true}]}}