{"id":15433,"date":"2025-06-23T10:03:03","date_gmt":"2025-06-23T14:03:03","guid":{"rendered":"https:\/\/agromt.news\/?p=15433"},"modified":"2025-06-23T10:03:03","modified_gmt":"2025-06-23T14:03:03","slug":"frente-fria-deve-atingir-ate-o-sudeste-e-centro-oeste","status":"publish","type":"post","link":"https:\/\/agromt.news\/?p=15433","title":{"rendered":"frente fria deve atingir at\u00e9 o Sudeste e Centro-Oeste"},"content":{"rendered":"<p> <br \/>\n<\/p>\n<div>\n<p style=\"text-align:justify\">Uma forte massa de ar polar vai provocar queda acentuada de temperatura em v\u00e1rias regi\u00f5es do Brasil a partir da pr\u00f3xima segunda-feira, 23 de junho. De acordo com o Instituto Nacional de Meteorologia (Inmet), uma frente fria avan\u00e7a pelo Sul do pa\u00eds e deve provocar chuvas e decl\u00ednio t\u00e9rmico significativo em grande parte do territ\u00f3rio nacional, com potencial para neve e geada intensa em diversas \u00e1reas.&#13;\n<\/p>\n<p style=\"text-align:justify\">Segundo informa\u00e7\u00f5es divulgadas pelo Inmet, o sistema frontal atuar\u00e1 sobre \u00e1reas entre o norte do Rio Grande do Sul, Santa Catarina, Paran\u00e1, sul do Mato Grosso do Sul e faixa sul de S\u00e3o Paulo. Nestes locais, al\u00e9m da queda de temperatura, n\u00e3o se descarta a ocorr\u00eancia de chuvas localmente fortes, especialmente entre o norte ga\u00facho e o norte paranaense.<\/p>\n<p style=\"text-align:justify\">A friagem \u2014 quarta registrada em 2025 \u2014 ser\u00e1 sentida j\u00e1 nas primeiras horas do dia 23, com os term\u00f4metros despencando no Sul e no Mato Grosso do Sul. Ao longo da segunda-feira, o frio se estende tamb\u00e9m para S\u00e3o Paulo, sul do Rio de Janeiro, sudoeste do Mato Grosso e \u00e1reas do sul de Rond\u00f4nia e Acre.&#13;\n<\/p>\n<p style=\"text-align:justify\"><a href=\"https:\/\/www.agrolink.com.br\/agrotempo?utm_source=agrolink-detalhe-noticia&amp;utm_medium=detalhe-noticia&amp;utm_campaign=links-internos\" target=\"_blank\" rel=\"noopener\">Clique aqui e acesse AGROTEMPO<\/a><\/p>\n<p style=\"text-align:justify\">Durante a noite do pr\u00f3prio dia 23, h\u00e1 expectativa de neve pontual nas serras do Rio Grande do Sul e de Santa Catarina, impulsionada pela combina\u00e7\u00e3o entre o ar frio e a umidade persistente. Na ter\u00e7a-feira (24), o cen\u00e1rio se intensifica ainda mais com previs\u00e3o de geada ampla nos tr\u00eas estados do Sul, com intensidade moderada a forte na serra ga\u00facha, em \u00e1reas de Santa Catarina e no sul do Paran\u00e1.<\/p>\n<p style=\"text-align:justify\">O frio tamb\u00e9m se espalha pelo sul do Mato Grosso do Sul, atingindo o sudoeste e o sul paulista, onde tamb\u00e9m deve gear. Na quarta-feira (25), a geada continua nestas \u00e1reas, enquanto a massa de ar polar avan\u00e7a em dire\u00e7\u00e3o ao Sudeste e parte do Centro-Oeste. Os efeitos ser\u00e3o sentidos na faixa sul de Goi\u00e1s, no Tri\u00e2ngulo Mineiro, Zona da Mata, sul de Minas Gerais e em todo o estado do Rio de Janeiro, al\u00e9m do sul do Esp\u00edrito Santo.&#13;\n<\/p>\n<p style=\"text-align:justify\">Mesmo com o decl\u00ednio t\u00e9rmico acentuado, o Inmet informa que a massa de ar frio come\u00e7a a perder for\u00e7a gradativamente a partir do dia 25. No entanto, o frio ainda deve persistir, com geadas fracas a moderadas, principalmente na Regi\u00e3o Sul.<\/p>\n<\/p><\/div>\n<p><script data-cfasync=\"false\">\n    !function (f, b, e, v, n, t, s) {\n        if (f.fbq) return; n = f.fbq = function () {\n            n.callMethod ?\n                n.callMethod.apply(n, arguments) : n.queue.push(arguments)\n        };\n        if (!f._fbq) f._fbq = n; n.push = n; n.loaded = !0; n.version = '2.0';\n        n.queue = []; t = b.createElement(e); t.async = !0;\n        t.src = v; s = b.getElementsByTagName(e)[0];\n        s.parentNode.insertBefore(t, s)\n    }(window, document, 'script',\n        'https:\/\/connect.facebook.net\/en_US\/fbevents.js');\n    fbq('init', '522546078623747');\n    fbq('track', 'PageView');\n<\/script><br \/>\n<br \/><br \/>\n<br \/><a href=\"https:\/\/www.agrolink.com.br\/noticias\/semana-comeca-com-frio-rigoroso-no-brasil--frente-fria-deve-atingir-ate-o-sudeste-e-centro-oeste_503128.html\">Source link <\/a><\/p>\n","protected":false},"excerpt":{"rendered":"<p>Uma forte massa de ar polar vai provocar queda acentuada de temperatura em v\u00e1rias regi\u00f5es do Brasil a partir da<\/p>\n","protected":false},"author":1,"featured_media":15434,"comment_status":"open","ping_status":"open","sticky":false,"template":"","format":"standard","meta":{"_monsterinsights_skip_tracking":false,"_monsterinsights_sitenote_active":false,"_monsterinsights_sitenote_note":"","_monsterinsights_sitenote_category":0,"_uf_show_specific_survey":0,"_uf_disable_surveys":false,"footnotes":""},"categories":[8,1,14],"tags":[],"class_list":["post-15433","post","type-post","status-publish","format-standard","has-post-thumbnail","hentry","category-agro","category-news","category-politica-agro"],"_links":{"self":[{"href":"https:\/\/agromt.news\/index.php?rest_route=\/wp\/v2\/posts\/15433"}],"collection":[{"href":"https:\/\/agromt.news\/index.php?rest_route=\/wp\/v2\/posts"}],"about":[{"href":"https:\/\/agromt.news\/index.php?rest_route=\/wp\/v2\/types\/post"}],"author":[{"embeddable":true,"href":"https:\/\/agromt.news\/index.php?rest_route=\/wp\/v2\/users\/1"}],"replies":[{"embeddable":true,"href":"https:\/\/agromt.news\/index.php?rest_route=%2Fwp%2Fv2%2Fcomments&post=15433"}],"version-history":[{"count":0,"href":"https:\/\/agromt.news\/index.php?rest_route=\/wp\/v2\/posts\/15433\/revisions"}],"wp:featuredmedia":[{"embeddable":true,"href":"https:\/\/agromt.news\/index.php?rest_route=\/wp\/v2\/media\/15434"}],"wp:attachment":[{"href":"https:\/\/agromt.news\/index.php?rest_route=%2Fwp%2Fv2%2Fmedia&parent=15433"}],"wp:term":[{"taxonomy":"category","embeddable":true,"href":"https:\/\/agromt.news\/index.php?rest_route=%2Fwp%2Fv2%2Fcategories&post=15433"},{"taxonomy":"post_tag","embeddable":true,"href":"https:\/\/agromt.news\/index.php?rest_route=%2Fwp%2Fv2%2Ftags&post=15433"}],"curies":[{"name":"wp","href":"https:\/\/api.w.org\/{rel}","templated":true}]}}