{"id":1543,"date":"2024-09-13T12:55:33","date_gmt":"2024-09-13T16:55:33","guid":{"rendered":"https:\/\/agromt.news\/?p=1543"},"modified":"2024-09-13T12:55:33","modified_gmt":"2024-09-13T16:55:33","slug":"tempo-cenario-critico-para-o-produtor-da-soja-ate-outubro","status":"publish","type":"post","link":"https:\/\/agromt.news\/?p=1543","title":{"rendered":"Tempo: cen\u00e1rio cr\u00edtico para o produtor da soja at\u00e9 outubro"},"content":{"rendered":"<p> <br \/>\n<br \/><img decoding=\"async\" src=\"https:\/\/agromt.news\/wp-content\/uploads\/2024\/09\/Tempo-cenario-critico-para-o-produtor-da-soja-ate-outubro.png\" \/><\/p>\n<div>\n<p>O produtor da <a href=\"https:\/\/www.canalrural.com.br\/agricultura\/projeto-soja-brasil\/\">soja <\/a>deve enfrentar um cen\u00e1rio cr\u00edtico nos pr\u00f3ximos dias em rela\u00e7\u00e3o ao clima, visto que a baixa umidade do solo se estende nas principais regi\u00f5es produtoras do gr\u00e3o. Para os pr\u00f3ximos cinco dias, a previs\u00e3o \u00e9 de chuva volumosa em Santa Catarina e no sul do Paran\u00e1, com acumulados que podem passar de 100 mm. No Brasil central, tamb\u00e9m est\u00e1 prevista uma chuva consider\u00e1vel.<\/p>\n<figure class=\"wp-block-embed is-type-video is-provider-youtube wp-block-embed-youtube wp-embed-aspect-16-9 wp-has-aspect-ratio\">\n<p>\n<iframe title=\"Tempo | Cen\u00e1rio cr\u00edtico para o produtor da soja at\u00e9 outubro\" width=\"800\" height=\"450\" src=\"https:\/\/www.youtube.com\/embed\/TL7YtSH-4FI?feature=oembed\" frameborder=\"0\" allow=\"accelerometer; autoplay; clipboard-write; encrypted-media; gyroscope; picture-in-picture; web-share\" referrerpolicy=\"strict-origin-when-cross-origin\" allowfullscreen><\/iframe><noscript><iframe title=\"Tempo | Cen\u00e1rio cr\u00edtico para o produtor da soja at\u00e9 outubro\" width=\"800\" height=\"450\" src=\"https:\/\/www.youtube.com\/embed\/TL7YtSH-4FI?feature=oembed\" frameborder=\"0\" allow=\"accelerometer; autoplay; clipboard-write; encrypted-media; gyroscope; picture-in-picture; web-share\" referrerpolicy=\"strict-origin-when-cross-origin\" allowfullscreen><\/iframe><\/noscript>\n<\/p>\n<\/figure>\n<p>Entre os dias 19 e 23 de setembro, o tempo n\u00e3o sofre grandes mudan\u00e7as. No Centro-Sul do Mato Grosso do Sul, sul de Goi\u00e1s e interior de S\u00e3o Paulo, a precipita\u00e7\u00e3o trar\u00e1 al\u00edvio para os focos de inc\u00eandio. No entanto, chuvas com alto volume devem retornar ao Centro-Oeste e Sudeste apenas na segunda quinzena de outubro. <\/p>\n<p class=\"has-text-align-center\"><em>Confira na palma da m\u00e3o informa\u00e7\u00f5es quentes sobre agricultura, pecu\u00e1ria, economia e previs\u00e3o do tempo:<a href=\"https:\/\/www.whatsapp.com\/channel\/0029Va9VnZxGk1FplZjiW43k\">\u00a0<strong>siga o Canal Rural no WhatsApp<\/strong><\/a>!<\/em><\/p>\n<\/div>\n<div>\n<h2 class=\"wp-block-heading\" id=\"h-tempo-em-sapezal-mt\">Tempo em Sapezal (MT)<\/h2>\n<p>Na regi\u00e3o de Sapezal, as temperaturas permanecem elevadas at\u00e9 o fim de setembro, com m\u00e1ximas previstas de at\u00e9 39\u00b0C. Em rela\u00e7\u00e3o \u00e0 precipita\u00e7\u00e3o, a chuva ser\u00e1 fraca no final do m\u00eas e in\u00edcio de outubro, com um per\u00edodo mais seco. <\/p>\n<p>Em Sapezal, as temperaturas permanecer\u00e3o elevadas at\u00e9 o final do m\u00eas, com m\u00e1ximas previstas de at\u00e9 39\u00b0C. Em rela\u00e7\u00e3o \u00e0 precipita\u00e7\u00e3o, a chuva ser\u00e1 fraca no final de setembro e in\u00edcio de outubro, com um per\u00edodo mais seco logo em seguida. A precipita\u00e7\u00e3o, no entanto, n\u00e3o ser\u00e1 suficiente para o bom in\u00edcio da semeadura da soja.<\/p>\n<\/div>\n<p><br \/>\n<br \/><a href=\"https:\/\/www.canalrural.com.br\/agricultura\/projeto-soja-brasil\/tempo-cenario-critico-para-o-produtor-da-soja-ate-outubro\/\">Source link <\/a><\/p>\n","protected":false},"excerpt":{"rendered":"<p>O produtor da soja deve enfrentar um cen\u00e1rio cr\u00edtico nos pr\u00f3ximos dias em rela\u00e7\u00e3o ao clima, visto que a baixa<\/p>\n","protected":false},"author":1,"featured_media":1544,"comment_status":"open","ping_status":"open","sticky":false,"template":"","format":"standard","meta":{"_monsterinsights_skip_tracking":false,"_monsterinsights_sitenote_active":false,"_monsterinsights_sitenote_note":"","_monsterinsights_sitenote_category":0,"_uf_show_specific_survey":0,"_uf_disable_surveys":false,"footnotes":""},"categories":[1],"tags":[],"class_list":["post-1543","post","type-post","status-publish","format-standard","has-post-thumbnail","hentry","category-news"],"_links":{"self":[{"href":"https:\/\/agromt.news\/index.php?rest_route=\/wp\/v2\/posts\/1543"}],"collection":[{"href":"https:\/\/agromt.news\/index.php?rest_route=\/wp\/v2\/posts"}],"about":[{"href":"https:\/\/agromt.news\/index.php?rest_route=\/wp\/v2\/types\/post"}],"author":[{"embeddable":true,"href":"https:\/\/agromt.news\/index.php?rest_route=\/wp\/v2\/users\/1"}],"replies":[{"embeddable":true,"href":"https:\/\/agromt.news\/index.php?rest_route=%2Fwp%2Fv2%2Fcomments&post=1543"}],"version-history":[{"count":0,"href":"https:\/\/agromt.news\/index.php?rest_route=\/wp\/v2\/posts\/1543\/revisions"}],"wp:featuredmedia":[{"embeddable":true,"href":"https:\/\/agromt.news\/index.php?rest_route=\/wp\/v2\/media\/1544"}],"wp:attachment":[{"href":"https:\/\/agromt.news\/index.php?rest_route=%2Fwp%2Fv2%2Fmedia&parent=1543"}],"wp:term":[{"taxonomy":"category","embeddable":true,"href":"https:\/\/agromt.news\/index.php?rest_route=%2Fwp%2Fv2%2Fcategories&post=1543"},{"taxonomy":"post_tag","embeddable":true,"href":"https:\/\/agromt.news\/index.php?rest_route=%2Fwp%2Fv2%2Ftags&post=1543"}],"curies":[{"name":"wp","href":"https:\/\/api.w.org\/{rel}","templated":true}]}}