{"id":15424,"date":"2025-06-23T05:17:27","date_gmt":"2025-06-23T09:17:27","guid":{"rendered":"https:\/\/agromt.news\/?p=15424"},"modified":"2025-06-23T05:17:27","modified_gmt":"2025-06-23T09:17:27","slug":"inicio-da-semana-e-marcado-por-baixas-temperaturas","status":"publish","type":"post","link":"https:\/\/agromt.news\/?p=15424","title":{"rendered":"in\u00edcio da semana \u00e9 marcado por baixas temperaturas"},"content":{"rendered":"<p> <br \/>\n<br \/><img decoding=\"async\" src=\"https:\/\/agromt.news\/wp-content\/uploads\/2025\/05\/Tres-regioes-do-pais-devem-ter-recorde-de-frio-confira.jpg\" \/><\/p>\n<div>\n<p>O primeiro dia da semana j\u00e1 come\u00e7a sob o efeito do inverno: baixas temperaturas no Sul e em parte do Sudeste. Confira a previs\u00e3o para esta segunda-feira (23) em todo o Brasil:<\/p>\n<div data-icp-cta=\"1\" id=\"icp-cta-unique\">Voc\u00ea quer entender como usar o clima a seu favor?<b> <\/b><a href=\"https:\/\/climacampo.canalrural.com.br\/climacampo_-01\">Preparamos um e-book exclusivo<\/a> para ajudar produtores rurais a se antecipar \u00e0s mudan\u00e7as do tempo e planejar melhor suas a\u00e7\u00f5es. Com base em previs\u00f5es meteorol\u00f3gicas confi\u00e1veis, ele oferece orienta\u00e7\u00f5es pr\u00e1ticas para proteger sua lavoura e otimizar seus resultados.<\/div>\n<h2 class=\"wp-block-heading\" id=\"h-sul\">Sul<\/h2>\n<p>Segunda-feira com bastante vento no Sul do pa\u00eds. O ar frio diminui as temperaturas, especialmente na Campanha ga\u00facha. Chove forte com risco de temporais ainda sobre a serra do <strong><a href=\"https:\/\/www.canalrural.com.br\/nacional\/rio-grande-do-sul\/\">Rio Grande do Sul<\/a><\/strong> e os estados de Santa Catarina e Paran\u00e1. De forma geral, a temperatura come\u00e7a a diminuir no decorrer do dia.<\/p>\n<h2 class=\"wp-block-heading\" id=\"h-sudeste\">Sudeste<\/h2>\n<p>Frente fria avan\u00e7a em alto mar e provoca mudan\u00e7as em S\u00e3o Paulo \u2013 o dia come\u00e7a com sol e a condi\u00e7\u00e3o de pancadas de chuva na capital aumenta \u00e0 tarde. Regi\u00f5es do oeste e sul paulista podem ter chuva moderada desde cedo. O tempo continua firme no Rio de Janeiro, em Minas Gerais e no Esp\u00edrito Santo, com destaque para o calor.<\/p>\n<\/div>\n<div>\n<h2 class=\"wp-block-heading\" id=\"h-centro-oeste\">Centro-Oeste<\/h2>\n<p>A chuva entre moderada e forte se espalha para mais \u00e1reas de Mato Grosso do Sul e no oeste e sul de Mato Grosso, com risco para trovoadas. Pouca chuva no sul de Goi\u00e1s e ar seco no Distrito Federal, com muito sol e calor em Bras\u00edlia.<\/p>\n<h2 class=\"wp-block-heading\" id=\"h-nordeste\">Nordeste<\/h2>\n<p>Chuva moderada no litoral de Alagoas, em Pernambuco, na Para\u00edba e e Rio Grande do Norte. As pancadas ocorrem ao longo da manh\u00e3, intercalando com per\u00edodos de melhoria, mas retorna de forma mais cont\u00ednua \u00e0 tarde. Ar mais seco no interior da Regi\u00e3o com baixa umidade do ar no sul do Maranh\u00e3o e do Piau\u00ed.<\/p>\n<h2 class=\"wp-block-heading\" id=\"h-norte\">Norte<\/h2>\n<p>Semana come\u00e7ando com pancadas mais concentradas no oeste e norte do Amazonas e no sul de Roraima. Tempo abafado e com chuva forte no leste e norte do Amap\u00e1. Pouca chuva no Acre e tempo seco no Tocantins. Chove em forma de pancadas em Rond\u00f4nia.<\/p>\n<\/p><\/div>\n<p><br \/>\n<br \/><a href=\"https:\/\/www.canalrural.com.br\/tempo\/ar-gelado-e-frente-fria-inicio-da-semana-e-marcado-por-baixas-temperaturas\/\">Source link <\/a><\/p>\n","protected":false},"excerpt":{"rendered":"<p>O primeiro dia da semana j\u00e1 come\u00e7a sob o efeito do inverno: baixas temperaturas no Sul e em parte do<\/p>\n","protected":false},"author":1,"featured_media":12557,"comment_status":"open","ping_status":"open","sticky":false,"template":"","format":"standard","meta":{"_monsterinsights_skip_tracking":false,"_monsterinsights_sitenote_active":false,"_monsterinsights_sitenote_note":"","_monsterinsights_sitenote_category":0,"_uf_show_specific_survey":0,"_uf_disable_surveys":false,"footnotes":""},"categories":[1],"tags":[],"class_list":["post-15424","post","type-post","status-publish","format-standard","has-post-thumbnail","hentry","category-news"],"_links":{"self":[{"href":"https:\/\/agromt.news\/index.php?rest_route=\/wp\/v2\/posts\/15424"}],"collection":[{"href":"https:\/\/agromt.news\/index.php?rest_route=\/wp\/v2\/posts"}],"about":[{"href":"https:\/\/agromt.news\/index.php?rest_route=\/wp\/v2\/types\/post"}],"author":[{"embeddable":true,"href":"https:\/\/agromt.news\/index.php?rest_route=\/wp\/v2\/users\/1"}],"replies":[{"embeddable":true,"href":"https:\/\/agromt.news\/index.php?rest_route=%2Fwp%2Fv2%2Fcomments&post=15424"}],"version-history":[{"count":0,"href":"https:\/\/agromt.news\/index.php?rest_route=\/wp\/v2\/posts\/15424\/revisions"}],"wp:featuredmedia":[{"embeddable":true,"href":"https:\/\/agromt.news\/index.php?rest_route=\/wp\/v2\/media\/12557"}],"wp:attachment":[{"href":"https:\/\/agromt.news\/index.php?rest_route=%2Fwp%2Fv2%2Fmedia&parent=15424"}],"wp:term":[{"taxonomy":"category","embeddable":true,"href":"https:\/\/agromt.news\/index.php?rest_route=%2Fwp%2Fv2%2Fcategories&post=15424"},{"taxonomy":"post_tag","embeddable":true,"href":"https:\/\/agromt.news\/index.php?rest_route=%2Fwp%2Fv2%2Ftags&post=15424"}],"curies":[{"name":"wp","href":"https:\/\/api.w.org\/{rel}","templated":true}]}}