{"id":15419,"date":"2025-06-22T17:53:57","date_gmt":"2025-06-22T21:53:57","guid":{"rendered":"https:\/\/agromt.news\/?p=15419"},"modified":"2025-06-22T17:53:57","modified_gmt":"2025-06-22T21:53:57","slug":"exportacoes-sustentam-precos-do-boi-gordo-em-mercado-de-valorizacao-contida","status":"publish","type":"post","link":"https:\/\/agromt.news\/?p=15419","title":{"rendered":"Exporta\u00e7\u00f5es sustentam pre\u00e7os do boi gordo em mercado de valoriza\u00e7\u00e3o contida"},"content":{"rendered":"<p> <br \/>\n<br \/><img decoding=\"async\" src=\"https:\/\/agromt.news\/wp-content\/uploads\/2025\/05\/Brasil-sera-reconhecido-como-zona-livre-de-febre-aftosa-sem.jpg\" \/><\/p>\n<div>\n<p>O mercado f\u00edsico do <a href=\"https:\/\/www.canalrural.com.br\/?s=boi+gordo\">boi gordo <\/a>apresentou pre\u00e7os firmes ao longo da \u00faltima semana, embora as altas tenham perdido for\u00e7a em compara\u00e7\u00e3o com o ritmo registrado at\u00e9 a primeira quinzena de junho. <\/p>\n<p>De acordo com o analista da consultoria Safras &amp; Mercado Fernando Iglesias, com os frigor\u00edficos mais cautelosos, o movimento de valoriza\u00e7\u00e3o foi contido \u00e0 espera da entrada mais expressiva de animais confinados via contratos a termo.<\/p>\n<p>\u201cO mercado ainda centra suas aten\u00e7\u00f5es nas exporta\u00e7\u00f5es, com um desempenho bastante favor\u00e1vel, enquanto o mercado dom\u00e9stico conta com suas fragilidades\u201d, afirma.<\/p>\n<p>Os pre\u00e7os da carne bovina ficaram est\u00e1veis durante a semana. \u201cA reposi\u00e7\u00e3o entre atacado e varejo segue mais lenta, como \u00e9 comum na segunda metade do m\u00eas, o que pode pressionar os pre\u00e7os no curto prazo.\u201d <\/p>\n<\/div>\n<div>\n<p>Segundo Iglesias, al\u00e9m disso, h\u00e1 uma tend\u00eancia de consumo por prote\u00ednas mais acess\u00edveis, como frango, ovos e embutidos, o que reduz o ritmo de vendas da carne bovina no mercado interno.<\/p>\n<h2 class=\"wp-block-heading\" id=\"h-precos-da-arroba-do-boi-gordo\"><strong>Pre\u00e7os da arroba do boi gordo<\/strong><\/h2>\n<ul class=\"wp-block-list\">\n<li><strong>S\u00e3o Paulo<\/strong>: R$ 325 (alta de 1,56% frente aos R$ 320 da semana anterior)<\/li>\n<li><strong>Goi\u00e1s<\/strong>: R$ 305 (est\u00e1veis)<\/li>\n<li><strong>Minas Gerais:<\/strong> R$ 305 (alta de 1,7% frente aos R$ 300)<\/li>\n<li><strong>Mato Grosso do Sul<\/strong>: R$ 320,30 (alta de 1,56% em compara\u00e7\u00e3o aos R$ 315)<\/li>\n<li><strong>Mato Grosso:<\/strong> R$ 320 (alta de 1,6% frente aos R$ 315)<\/li>\n<\/ul>\n<h2 class=\"wp-block-heading\" id=\"h-exportacoes-em-destaque\"><strong>Exporta\u00e7\u00f5es em destaque<\/strong><\/h2>\n<p>As exporta\u00e7\u00f5es de carne bovina <em>in natura<\/em> (fresca, refrigerada ou congelada) seguem como principal alicerce do mercado. <\/p>\n<p>Nos primeiros dez dias \u00fateis de junho, o Brasil embarcou 117,2 mil toneladas do produto, com receita de US$ 634,4 milh\u00f5es \u2014 uma m\u00e9dia di\u00e1ria de US$ 63,4 milh\u00f5es, de acordo com a Secretaria de Com\u00e9rcio Exterior (Secex).<\/p>\n<p>O desempenho representa crescimento de <strong>47,6%<\/strong> na m\u00e9dia di\u00e1ria de receita frente a junho de 2024, al\u00e9m de alta de <strong>21,8%<\/strong> no volume m\u00e9dio exportado por dia e aumento de <strong>21,2%<\/strong> no pre\u00e7o m\u00e9dio da tonelada, que ficou em US$ 5.411,40.<\/p>\n<\/p><\/div>\n<p><br \/>\n<br \/><a href=\"https:\/\/www.canalrural.com.br\/pecuaria\/exportacoes-sustentam-precos-em-meio-a-mercado-mais-contido\/\">Source link <\/a><\/p>\n","protected":false},"excerpt":{"rendered":"<p>O mercado f\u00edsico do boi gordo apresentou pre\u00e7os firmes ao longo da \u00faltima semana, embora as altas tenham perdido for\u00e7a<\/p>\n","protected":false},"author":1,"featured_media":14324,"comment_status":"open","ping_status":"open","sticky":false,"template":"","format":"standard","meta":{"_monsterinsights_skip_tracking":false,"_monsterinsights_sitenote_active":false,"_monsterinsights_sitenote_note":"","_monsterinsights_sitenote_category":0,"_uf_show_specific_survey":0,"_uf_disable_surveys":false,"footnotes":""},"categories":[1],"tags":[],"class_list":["post-15419","post","type-post","status-publish","format-standard","has-post-thumbnail","hentry","category-news"],"_links":{"self":[{"href":"https:\/\/agromt.news\/index.php?rest_route=\/wp\/v2\/posts\/15419"}],"collection":[{"href":"https:\/\/agromt.news\/index.php?rest_route=\/wp\/v2\/posts"}],"about":[{"href":"https:\/\/agromt.news\/index.php?rest_route=\/wp\/v2\/types\/post"}],"author":[{"embeddable":true,"href":"https:\/\/agromt.news\/index.php?rest_route=\/wp\/v2\/users\/1"}],"replies":[{"embeddable":true,"href":"https:\/\/agromt.news\/index.php?rest_route=%2Fwp%2Fv2%2Fcomments&post=15419"}],"version-history":[{"count":0,"href":"https:\/\/agromt.news\/index.php?rest_route=\/wp\/v2\/posts\/15419\/revisions"}],"wp:featuredmedia":[{"embeddable":true,"href":"https:\/\/agromt.news\/index.php?rest_route=\/wp\/v2\/media\/14324"}],"wp:attachment":[{"href":"https:\/\/agromt.news\/index.php?rest_route=%2Fwp%2Fv2%2Fmedia&parent=15419"}],"wp:term":[{"taxonomy":"category","embeddable":true,"href":"https:\/\/agromt.news\/index.php?rest_route=%2Fwp%2Fv2%2Fcategories&post=15419"},{"taxonomy":"post_tag","embeddable":true,"href":"https:\/\/agromt.news\/index.php?rest_route=%2Fwp%2Fv2%2Ftags&post=15419"}],"curies":[{"name":"wp","href":"https:\/\/api.w.org\/{rel}","templated":true}]}}