{"id":15415,"date":"2025-06-22T14:10:08","date_gmt":"2025-06-22T18:10:08","guid":{"rendered":"https:\/\/agromt.news\/?p=15415"},"modified":"2025-06-22T14:10:08","modified_gmt":"2025-06-22T18:10:08","slug":"temperaturas-entre-5c-e-37c-e-chuva-de-100-mm-devem-marcar-inicio-do-inverno","status":"publish","type":"post","link":"https:\/\/agromt.news\/?p=15415","title":{"rendered":"Temperaturas entre -5\u00b0C e 37\u00b0C e chuva de 100 mm devem marcar in\u00edcio do inverno"},"content":{"rendered":"<p> <br \/>\n<br \/><img decoding=\"async\" src=\"https:\/\/agromt.news\/wp-content\/uploads\/2025\/06\/Temperaturas-entre-5\u00b0C-e-37\u00b0C-e-chuva-de-100-mm.jpg\" \/><\/p>\n<div>\n<p>O inverno come\u00e7ou em 20 de junho e logo na primeira semana deve fazer com que os term\u00f4metros fiquem negativos em parte do pa\u00eds. No entanto, em outras \u00e1reas, a chuva cair com for\u00e7a e o calor impera. Confira a previs\u00e3o para todo o Brasil entre esta segunda (23) e a pr\u00f3xima sexta (27): <\/p>\n<h2 class=\"wp-block-heading\" id=\"h-sul\">Sul<\/h2>\n<p>Segunda-feira com bastante vento no Sul do pa\u00eds e ar frio diminuindo as temperaturas, especialmente na Campanha ga\u00facha. Chove forte com risco de temporais ainda sobre a Serra do <strong><a href=\"https:\/\/www.canalrural.com.br\/nacional\/rio-grande-do-sul\/\">Rio Grande do Sul<\/a><\/strong> e em Santa Catarina e no <strong><a href=\"https:\/\/www.canalrural.com.br\/nacional\/parana\/\">Paran\u00e1<\/a><\/strong>. Alerta de geada para os tr\u00eas estados durante ter\u00e7a e quarta-feira por conta das temperaturas m\u00ednimas, que devem ficar entre 3\u00b0C e 2\u00b0C em \u00e1reas de baixada e at\u00e9 de <strong>-5\u00b0 em Urupema (SC)<\/strong> e <strong>-3\u00b0C em S\u00e3o Jos\u00e9 dos Ausentes<\/strong>. <\/p>\n<p>Aten\u00e7\u00e3o para chuva volumosa e temporais com rajadas de vento intensas e possibilidade de queda de granizo no Paran\u00e1 nesta segunda, na quinta e na sexta feira, com o acumulados que devem ultrapassar os 100 mm. J\u00e1 em territ\u00f3rio catarinense, o volume esperado ao longo da semana \u00e9 de cerca de 50 mm. No Rio Grande do Sul, ap\u00f3s as fortes chuvas da semana passada, os pr\u00f3ximos dias devem ser de tempo mais seco, prop\u00edcio ao in\u00edcio da reconstru\u00e7\u00e3o de estragos nos <strong><a href=\"https:\/\/www.canalrural.com.br\/nacional\/rio-grande-do-sul\/chuva-causa-estrago-em-126-municipios-gauchos-previsao-indica-termometros-abaixo-de-zero\/\">126 munic\u00edpios afetados at\u00e9 o momento pelas inunda\u00e7\u00f5es<\/a><\/strong>.<\/p>\n<h2 class=\"wp-block-heading\" id=\"h-sudeste\">Sudeste<\/h2>\n<p>Frente fria avan\u00e7ando em alto mar provoca mudan\u00e7as em S\u00e3o Paulo: o dia come\u00e7a com sol, mas as condi\u00e7\u00f5es para pancadas de chuva na capital aumentam \u00e0 tarde; regi\u00f5es do oeste e<br \/>sul do estado podem ter chuva moderada desde cedo. Aten\u00e7\u00e3o para o risco de geada no sul paulista, j\u00e1 que os term\u00f4metros devem ficar abaixo dos 4\u00b0C, al\u00e9m de m\u00ednimas de 6\u00b0C no norte de SP, com risco baixo para geada nos cafezais. <\/p>\n<p>J\u00e1 no Rio de Janeiro, Esp\u00edrito Santo e em Minas Gerais, o tempo continua firme, com destaque para o calor. O acumulado de chuva da semana se concentra em S\u00e3o Paulo, sul de Minas e Tri\u00e2ngulo Mineiro, com cerca de 40 mm. <\/p>\n<\/div>\n<div>\n<h2 class=\"wp-block-heading\" id=\"h-centro-oeste\">Centro-Oeste<\/h2>\n<p>A chuva se espalha para mais \u00e1reas de Mato Grosso do Sul, oeste e sul de Mato Grosso. Assim, a semana inicia com precipita\u00e7\u00f5es entre moderadas e fortes e risco para trovoadas. Pouca chuva no sul de Goi\u00e1s e ar seco no Distrito Federal, com muito sol e calor em <strong><a href=\"https:\/\/www.canalrural.com.br\/nacional\/brasilia\/\">Bras\u00edlia<\/a><\/strong>. Aten\u00e7\u00e3o para o risco de geada no centro-sul do territ\u00f3rio sul-mato-grossense, onde os term\u00f4metros devem ficar abaixo dos 4\u00b0C, prejudicando a colheita do algod\u00e3o. <\/p>\n<p>Pecuarista deve ficar atento ao risco de hipotermina no gado. Tempo quente e seco somente no nordeste de Mato Grosso e centro-norte de Goi\u00e1s. Nas demais \u00e1reas de Mato Grosso, Goi\u00e1s e Mato Grosso do Sul, a umidade na semana varia entre 20 mm e 30 mm, o que ajuda a elevar a umidade do ar, ameniza as altas temperaturas e diminui o risco para focos de inc\u00eandio.<\/p>\n<h2 class=\"wp-block-heading\" id=\"h-nordeste\">Nordeste<\/h2>\n<p>Chuva moderada no litoral de Alagoas, em Pernambuco, na Para\u00edba e no Rio Grande do Norte. Nessas \u00e1reas, as pancadas ocorrem ao longo da manh\u00e3, intercaladas com per\u00edodos de melhoria e retorno \u00e0 tarde. Ar mais seco no interior da Regi\u00e3o, com baixa umidade do ar no sul do Maranh\u00e3o e do Piau\u00ed. No centro sul maranhense e piauiense, aten\u00e7\u00e3o para o calor, com a temperatura m\u00e1xima chegando a 35\u00b0C e umidade relativa do ar abaixo de 30%, o que traz risco elevado para a propaga\u00e7\u00e3o de focos de inc\u00eandio. <\/p>\n<p>Umidade da semana se concentra na faixa leste da <strong><a href=\"https:\/\/www.canalrural.com.br\/nacional\/bahia\/\">Bahia<\/a><\/strong>, Sergipe, Alagoas, Pernambuco, Para\u00edba e Rio Grande do Norte, com volumes entre 20 mm e 30 mm. Demais \u00e1reas seguem com tempo quente e seco.<\/p>\n<h2 class=\"wp-block-heading\" id=\"h-norte\">Norte<\/h2>\n<p>Semana come\u00e7a com pancadas de chuva mais concentradas no oeste e norte do Amazonas e no sul de Roraima. Tempo abafado e com chuva forte no leste e norte do Amap\u00e1. Pouca chuva no Acre e tempo seco no Tocantins. Chove em forma de pancadas em Rond\u00f4nia.<\/p>\n<p>Nos pr\u00f3ximos cinco dias, entre 30 mm e 40 mm de chuva devem cair no Acre, em Rond\u00f4nia, Amazonas, Roraima, Amap\u00e1 e no centro-norte do Par\u00e1. Semana quente e seca no sudeste paraense e em Tocantins, locais onde os term\u00f4metros devem atingir os <strong>37\u00b0C<\/strong>, o que, somado \u00e0 umidade do ar abaixo de 30%, potencializa o risco para focos de inc\u00eandio.<\/p>\n<div data-icp-cta=\"1\" id=\"icp-cta-unique\">Voc\u00ea quer entender como usar o clima a seu favor?<b> <\/b><a href=\"https:\/\/climacampo.canalrural.com.br\/climacampo_-01\">Preparamos um e-book exclusivo<\/a> para ajudar produtores rurais a se antecipar \u00e0s mudan\u00e7as do tempo e planejar melhor suas a\u00e7\u00f5es. Com base em previs\u00f5es meteorol\u00f3gicas confi\u00e1veis, ele oferece orienta\u00e7\u00f5es pr\u00e1ticas para proteger sua lavoura e otimizar seus resultados.<\/div>\n<\/div>\n<p><br \/>\n<br \/><a href=\"https:\/\/www.canalrural.com.br\/tempo\/temperaturas-entre-5c-e-37c-e-chuva-de-100-mm-marcam-primeira-semana-do-inverno\/\">Source link <\/a><\/p>\n","protected":false},"excerpt":{"rendered":"<p>O inverno come\u00e7ou em 20 de junho e logo na primeira semana deve fazer com que os term\u00f4metros fiquem negativos<\/p>\n","protected":false},"author":1,"featured_media":15416,"comment_status":"open","ping_status":"open","sticky":false,"template":"","format":"standard","meta":{"_monsterinsights_skip_tracking":false,"_monsterinsights_sitenote_active":false,"_monsterinsights_sitenote_note":"","_monsterinsights_sitenote_category":0,"_uf_show_specific_survey":0,"_uf_disable_surveys":false,"footnotes":""},"categories":[1],"tags":[],"class_list":["post-15415","post","type-post","status-publish","format-standard","has-post-thumbnail","hentry","category-news"],"_links":{"self":[{"href":"https:\/\/agromt.news\/index.php?rest_route=\/wp\/v2\/posts\/15415"}],"collection":[{"href":"https:\/\/agromt.news\/index.php?rest_route=\/wp\/v2\/posts"}],"about":[{"href":"https:\/\/agromt.news\/index.php?rest_route=\/wp\/v2\/types\/post"}],"author":[{"embeddable":true,"href":"https:\/\/agromt.news\/index.php?rest_route=\/wp\/v2\/users\/1"}],"replies":[{"embeddable":true,"href":"https:\/\/agromt.news\/index.php?rest_route=%2Fwp%2Fv2%2Fcomments&post=15415"}],"version-history":[{"count":0,"href":"https:\/\/agromt.news\/index.php?rest_route=\/wp\/v2\/posts\/15415\/revisions"}],"wp:featuredmedia":[{"embeddable":true,"href":"https:\/\/agromt.news\/index.php?rest_route=\/wp\/v2\/media\/15416"}],"wp:attachment":[{"href":"https:\/\/agromt.news\/index.php?rest_route=%2Fwp%2Fv2%2Fmedia&parent=15415"}],"wp:term":[{"taxonomy":"category","embeddable":true,"href":"https:\/\/agromt.news\/index.php?rest_route=%2Fwp%2Fv2%2Fcategories&post=15415"},{"taxonomy":"post_tag","embeddable":true,"href":"https:\/\/agromt.news\/index.php?rest_route=%2Fwp%2Fv2%2Ftags&post=15415"}],"curies":[{"name":"wp","href":"https:\/\/api.w.org\/{rel}","templated":true}]}}