{"id":1541,"date":"2024-09-13T12:08:29","date_gmt":"2024-09-13T16:08:29","guid":{"rendered":"https:\/\/agromt.news\/?p=1541"},"modified":"2024-09-13T12:08:29","modified_gmt":"2024-09-13T16:08:29","slug":"clima-e-seguranca-alimentar-sao-destaques-em-forum-agro-no-pr","status":"publish","type":"post","link":"https:\/\/agromt.news\/?p=1541","title":{"rendered":"Clima e seguran\u00e7a alimentar s\u00e3o destaques em F\u00f3rum Agro no PR"},"content":{"rendered":"<p> <br \/>\n<br \/><img decoding=\"async\" src=\"https:\/\/agromt.news\/wp-content\/uploads\/2024\/09\/Clima-e-seguranca-alimentar-sao-destaques-em-Forum-Agro-no.jpg\" \/><\/p>\n<div>\n<p>As quest\u00f5es clim\u00e1ticas e seus desdobramentos para o agroneg\u00f3cio est\u00e3o entre os temas do F\u00f3rum de Agroneg\u00f3cio que acontece no dia 16 de setembro no Pavilh\u00e3o Internacional \u2013 Parque Ney Braga Eventos, em Londrina, Paran\u00e1.<\/p>\n<p>O F\u00f3rum \u00e9 um evento anual promovido pela Sociedade Rural do Paran\u00e1, que se destaca por reunir, em um \u00fanico lugar, a cadeia produtiva do setor, envolvendo institui\u00e7\u00f5es acad\u00eamicas e de pesquisa, governo, entidades e associa\u00e7\u00f5es.<\/p>\n<p>Em sua 5\u00aa edi\u00e7\u00e3o, com o tema \u201cResili\u00eancia: Conex\u00e3o Agroneg\u00f3cio e Natureza\u201d o encontro traz para o centro das discuss\u00f5es a rela\u00e7\u00e3o entre o agroneg\u00f3cio e a natureza, onde ambos dependem um do outro para prosperar e se adaptar.<\/p>\n<\/div>\n<div>\n<p>O principal objetivo \u00e9 fomentar a integra\u00e7\u00e3o de ideias e discutir solu\u00e7\u00f5es para os desafios enfrentados pelo setor, contribuindo para o desenvolvimento sustent\u00e1vel e competitivo da agricultura e pecu\u00e1ria no Brasil.<\/p>\n<p>Os eventos clim\u00e1ticos ser\u00e3o foco da segunda mesa-redonda, com o objetivo de destacar as pr\u00e1ticas de mitiga\u00e7\u00e3o adotadas pelo agro e apresentar formas de preparar o produtor rural na preven\u00e7\u00e3o dos impactos clim\u00e1ticos no setor agr\u00edcola.<\/p>\n<p>As discuss\u00f5es incluir\u00e3o tamb\u00e9m a seguran\u00e7a alimentar, a partir da responsabilidade dos diferentes atores da cadeia no processo de assegurar que os alimentos cheguem com qualidade e de forma segura e eficiente ao consumidor final.<\/p>\n<p>O evento, planejado anualmente para 350 pessoas, entre produtores rurais, empres\u00e1rios, cooperativas, institui\u00e7\u00f5es de ensino e pesquisa e agroind\u00fastrias, tem o objetivo macro de avan\u00e7ar na discuss\u00e3o do setor agro como uma cadeia integrada, que possui diferentes vozes e atua\u00e7\u00f5es, mas com o objetivo comum de produzir de forma sustent\u00e1vel.\u00a0<\/p>\n<p>A 5\u00aa edi\u00e7\u00e3o do F\u00f3rum tem uma programa\u00e7\u00e3o de peso com representantes de empresas como a Climatempo, l\u00edder em servi\u00e7os de meteorologia no Brasil e\u00a0 Bayer, organiza\u00e7\u00e3o global com compet\u00eancias centrais nas \u00e1reas de sa\u00fade, agricultura e tecnologia.<\/p>\n<p>\u201cAcreditamos que o tema n\u00e3o poderia ser mais assertivo analisando o contexto que vivemos e estamos com grandes expectativas para as contribui\u00e7\u00f5es dos palestrantes que reuniremos nesta edi\u00e7\u00e3o. A partir do diferencial do F\u00f3rum em unir representantes de toda a cadeia produtiva do agro, estudamos e buscamos nomes que se complementar\u00e3o em uma an\u00e1lise 360 do tema. Nosso objetivo \u00e9 proporcionar discuss\u00f5es fundamentadas e apresentar solu\u00e7\u00f5es pr\u00e1ticas que atendam \u00e0s necessidades do setor\u201d, destaca o presidente da Sociedade Rural do Paran\u00e1, Marcelo Janene El-Kadre.<\/p>\n<p>O F\u00f3rum conta com a parceria de m\u00eddia do Canal Rural.<\/p>\n<p><strong>Servi\u00e7o<\/strong><\/p>\n<p><strong>F\u00f3rum do Agroneg\u00f3cio 2024<\/strong><\/p>\n<p><strong>Data: 16 de setembro<\/strong><\/p>\n<p><strong>Hor\u00e1rio: 9h (Receptivo)<\/strong><\/p>\n<p><strong>Local: Pavilh\u00e3o Internacional \u2013 Parque Ney Braga Eventos (Avenida Tiradentes, 6275)<\/strong><\/p>\n<\/div>\n<p><br \/>\n<br \/><a href=\"https:\/\/www.canalrural.com.br\/nacional\/parana\/clima-sera-destaque-no-forum-de-agronegocio-de-londrina\/\">Source link <\/a><\/p>\n","protected":false},"excerpt":{"rendered":"<p>As quest\u00f5es clim\u00e1ticas e seus desdobramentos para o agroneg\u00f3cio est\u00e3o entre os temas do F\u00f3rum de Agroneg\u00f3cio que acontece no<\/p>\n","protected":false},"author":1,"featured_media":1542,"comment_status":"open","ping_status":"open","sticky":false,"template":"","format":"standard","meta":{"_monsterinsights_skip_tracking":false,"_monsterinsights_sitenote_active":false,"_monsterinsights_sitenote_note":"","_monsterinsights_sitenote_category":0,"_uf_show_specific_survey":0,"_uf_disable_surveys":false,"footnotes":""},"categories":[1],"tags":[],"class_list":["post-1541","post","type-post","status-publish","format-standard","has-post-thumbnail","hentry","category-news"],"_links":{"self":[{"href":"https:\/\/agromt.news\/index.php?rest_route=\/wp\/v2\/posts\/1541"}],"collection":[{"href":"https:\/\/agromt.news\/index.php?rest_route=\/wp\/v2\/posts"}],"about":[{"href":"https:\/\/agromt.news\/index.php?rest_route=\/wp\/v2\/types\/post"}],"author":[{"embeddable":true,"href":"https:\/\/agromt.news\/index.php?rest_route=\/wp\/v2\/users\/1"}],"replies":[{"embeddable":true,"href":"https:\/\/agromt.news\/index.php?rest_route=%2Fwp%2Fv2%2Fcomments&post=1541"}],"version-history":[{"count":0,"href":"https:\/\/agromt.news\/index.php?rest_route=\/wp\/v2\/posts\/1541\/revisions"}],"wp:featuredmedia":[{"embeddable":true,"href":"https:\/\/agromt.news\/index.php?rest_route=\/wp\/v2\/media\/1542"}],"wp:attachment":[{"href":"https:\/\/agromt.news\/index.php?rest_route=%2Fwp%2Fv2%2Fmedia&parent=1541"}],"wp:term":[{"taxonomy":"category","embeddable":true,"href":"https:\/\/agromt.news\/index.php?rest_route=%2Fwp%2Fv2%2Fcategories&post=1541"},{"taxonomy":"post_tag","embeddable":true,"href":"https:\/\/agromt.news\/index.php?rest_route=%2Fwp%2Fv2%2Ftags&post=1541"}],"curies":[{"name":"wp","href":"https:\/\/api.w.org\/{rel}","templated":true}]}}