{"id":15409,"date":"2025-06-22T10:45:24","date_gmt":"2025-06-22T14:45:24","guid":{"rendered":"https:\/\/agromt.news\/?p=15409"},"modified":"2025-06-22T10:45:24","modified_gmt":"2025-06-22T14:45:24","slug":"festas-juninas-impulsionam-o-empreendedorismo-rural","status":"publish","type":"post","link":"https:\/\/agromt.news\/?p=15409","title":{"rendered":"Festas Juninas impulsionam o empreendedorismo rural"},"content":{"rendered":"<p> <br \/>\n<\/p>\n<div>\n<p>As festas juninas s\u00e3o um verdadeiro retrato da cultura popular brasileira e tamb\u00e9m do campo. Embora o milho seja um s\u00edmbolo da temporada, ele n\u00e3o reina sozinho nos pratos t\u00edpicos dessa \u00e9poca. Ingredientes como <a href=\"https:\/\/www.canalrural.com.br\/agricultura\/amendoim-estado-dobra-area-plantada-e-consolida-2a-maior-producao-do-brasil\/\">amendoim<\/a>, mandioca, coco, leite, batata-doce e cana-de-a\u00e7\u00facar tamb\u00e9m ganham espa\u00e7o nas barracas e t\u00eam origem direta no trabalho de milhares de produtores rurais.<\/p>\n<p>\u201cAs festas juninas geram um aumento expressivo na demanda, especialmente por parte das ind\u00fastrias que produzem doces t\u00edpicos e amendoins salgados. Isso exige de n\u00f3s uma produ\u00e7\u00e3o cont\u00ednua e com alto controle de qualidade para garantir o abastecimento no per\u00edodo mais cr\u00edtico de consumo\u201d, explica S\u00e9rgio Nakagi, vice-presidente da Coplana na cidade de Jaboticabal.<\/p>\n<ul class=\"wp-block-list\">\n<li><em>Participe do Porteira Aberta Empreender: envie perguntas, sugest\u00f5es e conte sua hist\u00f3ria de empreendedorismo pelo\u00a0<\/em><a href=\"https:\/\/api.whatsapp.com\/send?phone=5511932796720&amp;PorteiraAbertaEmpreender=SuaMensagem\"><strong>WhatsApp<\/strong><\/a><\/li>\n<\/ul>\n<\/div>\n<div>\n<p>De acordo com ele, o planejamento faz toda a diferen\u00e7a: \u201cA produ\u00e7\u00e3o \u00e9 estrategicamente ajustada para atender \u00e0 demanda crescente do per\u00edodo.\u201d Por isso, a colheita, o beneficiamento e a log\u00edstica come\u00e7am com anteced\u00eancia, o que assegura qualidade e volume tanto para os clientes industriais quanto para o consumidor final.<\/p>\n<figure class=\"wp-block-image size-large\"><img fetchpriority=\"high\" decoding=\"async\" width=\"768\" height=\"1024\" alt=\"amendoim ainda no \" class=\"wp-image-4105105\"  data-lazy- src=\"https:\/\/agromt.news\/wp-content\/uploads\/2025\/06\/Festas-Juninas-impulsionam-o-empreendedorismo-rural.jpeg\"\/><img decoding=\"async\" width=\"768\" height=\"1024\" src=\"https:\/\/agromt.news\/wp-content\/uploads\/2025\/06\/Festas-Juninas-impulsionam-o-empreendedorismo-rural.jpeg\" alt=\"amendoim ainda no \" class=\"wp-image-4105105\"  \/><figcaption class=\"wp-element-caption\">Foto: Sergio Nakaji\/Arquivo pessoal<\/figcaption><\/figure>\n<p>Ainda que a mesa junina conte com milho, batata-doce, canjica, cocada e bolo de fub\u00e1, o amendoim mant\u00e9m o protagonismo. \u201cOs campe\u00f5es de venda nessa \u00e9poca s\u00e3o, sem d\u00favida, a pa\u00e7oca e o p\u00e9 de moleque\u201d, destaca Nakagi.<\/p>\n<\/p><\/div>\n<p><br \/>\n<br \/><a href=\"https:\/\/www.canalrural.com.br\/empreendedorismo\/festas-juninas-impulsionam-o-empreendedorismo-rural\/\">Source link <\/a><\/p>\n","protected":false},"excerpt":{"rendered":"<p>As festas juninas s\u00e3o um verdadeiro retrato da cultura popular brasileira e tamb\u00e9m do campo. Embora o milho seja um<\/p>\n","protected":false},"author":1,"featured_media":15410,"comment_status":"open","ping_status":"open","sticky":false,"template":"","format":"standard","meta":{"_monsterinsights_skip_tracking":false,"_monsterinsights_sitenote_active":false,"_monsterinsights_sitenote_note":"","_monsterinsights_sitenote_category":0,"_uf_show_specific_survey":0,"_uf_disable_surveys":false,"footnotes":""},"categories":[1],"tags":[],"class_list":["post-15409","post","type-post","status-publish","format-standard","has-post-thumbnail","hentry","category-news"],"_links":{"self":[{"href":"https:\/\/agromt.news\/index.php?rest_route=\/wp\/v2\/posts\/15409"}],"collection":[{"href":"https:\/\/agromt.news\/index.php?rest_route=\/wp\/v2\/posts"}],"about":[{"href":"https:\/\/agromt.news\/index.php?rest_route=\/wp\/v2\/types\/post"}],"author":[{"embeddable":true,"href":"https:\/\/agromt.news\/index.php?rest_route=\/wp\/v2\/users\/1"}],"replies":[{"embeddable":true,"href":"https:\/\/agromt.news\/index.php?rest_route=%2Fwp%2Fv2%2Fcomments&post=15409"}],"version-history":[{"count":0,"href":"https:\/\/agromt.news\/index.php?rest_route=\/wp\/v2\/posts\/15409\/revisions"}],"wp:featuredmedia":[{"embeddable":true,"href":"https:\/\/agromt.news\/index.php?rest_route=\/wp\/v2\/media\/15410"}],"wp:attachment":[{"href":"https:\/\/agromt.news\/index.php?rest_route=%2Fwp%2Fv2%2Fmedia&parent=15409"}],"wp:term":[{"taxonomy":"category","embeddable":true,"href":"https:\/\/agromt.news\/index.php?rest_route=%2Fwp%2Fv2%2Fcategories&post=15409"},{"taxonomy":"post_tag","embeddable":true,"href":"https:\/\/agromt.news\/index.php?rest_route=%2Fwp%2Fv2%2Ftags&post=15409"}],"curies":[{"name":"wp","href":"https:\/\/api.w.org\/{rel}","templated":true}]}}