{"id":15403,"date":"2025-06-21T21:06:10","date_gmt":"2025-06-22T01:06:10","guid":{"rendered":"https:\/\/agromt.news\/?p=15403"},"modified":"2025-06-21T21:06:10","modified_gmt":"2025-06-22T01:06:10","slug":"india-bate-recorde-na-producao-de-graos","status":"publish","type":"post","link":"https:\/\/agromt.news\/?p=15403","title":{"rendered":"\u00cdndia bate recorde na produ\u00e7\u00e3o de gr\u00e3os"},"content":{"rendered":"<p> <br \/>\n<\/p>\n<div>\n<div class=\"row\">\n<div class=\"col-lg col-infos mt-0 mt-lg-0\">\n<div class=\"section-sub-title\">\n<p itemprop=\"description\">&#13;<br \/>\n                                J\u00e1 para o arroz, a produ\u00e7\u00e3o de 2025-26 \u00e9 estimada em 150 milh\u00f5es de toneladas&#13;\n                            <\/p>\n<\/p><\/div>\n<div class=\"container\">\n<div class=\"row\">\n<div class=\"col-lg p-0\">\n<div>\n<div class=\"block-news-main-infos mt-3 text-start\">\n<p>                                            <strong class=\"fn\" itemprop=\"author\" style=\"color: rgb(112, 112, 112); \">&#13;<br \/>\n                                                <a href=\"https:\/\/www.agrolink.com.br\/noticias\/javascript:;\" class=\"text-uppercase\" target=\"_blank\" style=\"color: rgb(112, 112, 112); \" rel=\"noopener\">Agrolink<\/a>&#13;<br \/>\n&#13;<br \/>\n                                                    &#8211; Leonardo Gottems&#13;<br \/>\n&#13;<br \/>\n                                            <\/strong><br \/>\n                                        <\/p>\n<p>                                            <abbr><time datetime=\"2025-06-20T16:52\" itemprop=\"datePublished dateModified\">Publicado em 20\/06\/2025 \u00e0s 16:52h.<\/time><\/abbr><br \/>\n                                            <\/p><\/div>\n<\/p><\/div>\n<\/p><\/div>\n<div class=\"col-lg p-0 text-lg-end\">\n<div>\n<div id=\"mdEnviarPagina\" class=\"modal fade\" role=\"dialog\">\n<div class=\"modal-dialog\">\n<div class=\"modal-content\">\n<div class=\"modal-body\">\n<p><strong>Estimado usu\u00e1rio.<\/strong><br \/>Preencha o formul\u00e1rio abaixo para remeter a p\u00e1gina.<\/p>\n<\/p><\/div>\n<\/p><\/div>\n<\/p><\/div>\n<\/div><\/div>\n<\/p><\/div>\n<\/p><\/div>\n<\/p><\/div>\n<\/p><\/div>\n<\/p><\/div>\n<div class=\"row justify-content-md-center mt-3\">\n<div class=\"col-lg-auto col-image block-news-main-image\">\n<p>                                <img decoding=\"async\" src=\"https:\/\/www.agrolink.com.br\/upload\/imagens-resizes\/884c3b65e9b348cfbd68cee600ea9b67_858x483.jpg\" class=\"lazyload img-fluid\" alt=\"J\u00e1 para o arroz, a produ\u00e7\u00e3o de 2025-26 \u00e9 estimada em 150 milh\u00f5es de toneladas\"\/><br \/>\n                                                <span class=\"d-block mt-1\">J\u00e1 para o arroz, a produ\u00e7\u00e3o de 2025-26 \u00e9 estimada em 150 milh\u00f5es de toneladas &#8211; Foto: USDA<\/span><\/p><\/div>\n<\/p><\/div>\n<div class=\"section-description section-description-noticias mt-3\">\n<p>A produ\u00e7\u00e3o de gr\u00e3os da \u00cdndia deve alcan\u00e7ar um marco hist\u00f3rico em 2024-25, com um volume recorde de 353,96 milh\u00f5es de toneladas, quase 22 milh\u00f5es de toneladas a mais que no ciclo anterior, impulsionada por colheitas excepcionais de arroz, trigo e milho. As informa\u00e7\u00f5es s\u00e3o do Servi\u00e7o Agr\u00edcola Estrangeiro (FAS) do Departamento de Agricultura dos Estados Unidos (USDA). O relat\u00f3rio tamb\u00e9m projeta que a produ\u00e7\u00e3o de trigo e arroz continuar\u00e1 crescendo em 2025-26, beneficiada por previs\u00f5es de mon\u00e7\u00f5es acima da m\u00e9dia.&#13;\n<\/p>\n<p>Em 24 de maio de 2025, as chuvas de mon\u00e7\u00f5es chegaram \u00e0 costa de Kerala, no extremo sul do pa\u00eds, oito dias antes do habitual, configurando a chegada mais precoce em 16 anos e refor\u00e7ando as expectativas de outra safra robusta. Para o trigo, estima-se um recorde de 117,5 milh\u00f5es de toneladas em 2025-26, 4% acima dos 113,3 milh\u00f5es de toneladas da safra anterior, gra\u00e7as ao plantio dentro do calend\u00e1rio ideal, condi\u00e7\u00f5es clim\u00e1ticas favor\u00e1veis e aus\u00eancia de pragas ou doen\u00e7as relevantes durante o ciclo produtivo.<\/p>\n<p>Apesar da abund\u00e2ncia, o governo indiano mant\u00e9m a cautela diante da escalada dos pre\u00e7os internos, atribu\u00edda \u00e0 estocagem excessiva e \u00e0 especula\u00e7\u00e3o do com\u00e9rcio privado. Como resposta, em 27 de maio, foram impostos limites de estoque de trigo v\u00e1lidos at\u00e9 31 de mar\u00e7o de 2026: 3.000 toneladas para comerciantes e atacadistas, 10 toneladas por ponto de venda para varejistas e at\u00e9 70% da capacidade mensal instalada para processadores.\u00a0&#13;\n<\/p>\n<p>J\u00e1 para o arroz, a produ\u00e7\u00e3o de 2025-26 \u00e9 estimada em 150 milh\u00f5es de toneladas, um leve aumento em rela\u00e7\u00e3o aos 149 milh\u00f5es do ciclo anterior. As exporta\u00e7\u00f5es devem alcan\u00e7ar 25 milh\u00f5es de toneladas, desde que n\u00e3o ocorram mudan\u00e7as significativas na pol\u00edtica de com\u00e9rcio e na competitividade de pre\u00e7os. Quanto ao milho, o volume projetado para 2025-26 \u00e9 de 42 milh\u00f5es de toneladas, ligeiramente abaixo do recorde revisado de 42,6 milh\u00f5es de toneladas em 2024-25, ainda assim garantindo ao pa\u00eds um patamar elevado de produ\u00e7\u00e3o de gr\u00e3os em escala global.<br \/>&#13;<br \/>\n\u00a0<\/p>\n<\/p><\/div>\n<\/p><\/div>\n<p><script data-cfasync=\"false\">\n    !function (f, b, e, v, n, t, s) {\n        if (f.fbq) return; n = f.fbq = function () {\n            n.callMethod ?\n                n.callMethod.apply(n, arguments) : n.queue.push(arguments)\n        };\n        if (!f._fbq) f._fbq = n; n.push = n; n.loaded = !0; n.version = '2.0';\n        n.queue = []; t = b.createElement(e); t.async = !0;\n        t.src = v; s = b.getElementsByTagName(e)[0];\n        s.parentNode.insertBefore(t, s)\n    }(window, document, 'script',\n        'https:\/\/connect.facebook.net\/en_US\/fbevents.js');\n    fbq('init', '522546078623747');\n    fbq('track', 'PageView');\n<\/script><br \/>\n<br \/><br \/>\n<br \/><a href=\"https:\/\/www.agrolink.com.br\/noticias\/india-bate-recorde-na-producao-de-graos_503103.html\">Source link <\/a><\/p>\n","protected":false},"excerpt":{"rendered":"<p>&#13; J\u00e1 para o arroz, a produ\u00e7\u00e3o de 2025-26 \u00e9 estimada em 150 milh\u00f5es de toneladas&#13; &#13; Agrolink&#13; &#13; &#8211;<\/p>\n","protected":false},"author":1,"featured_media":15404,"comment_status":"open","ping_status":"open","sticky":false,"template":"","format":"standard","meta":{"_monsterinsights_skip_tracking":false,"_monsterinsights_sitenote_active":false,"_monsterinsights_sitenote_note":"","_monsterinsights_sitenote_category":0,"_uf_show_specific_survey":0,"_uf_disable_surveys":false,"footnotes":""},"categories":[8,1,14],"tags":[],"class_list":["post-15403","post","type-post","status-publish","format-standard","has-post-thumbnail","hentry","category-agro","category-news","category-politica-agro"],"_links":{"self":[{"href":"https:\/\/agromt.news\/index.php?rest_route=\/wp\/v2\/posts\/15403"}],"collection":[{"href":"https:\/\/agromt.news\/index.php?rest_route=\/wp\/v2\/posts"}],"about":[{"href":"https:\/\/agromt.news\/index.php?rest_route=\/wp\/v2\/types\/post"}],"author":[{"embeddable":true,"href":"https:\/\/agromt.news\/index.php?rest_route=\/wp\/v2\/users\/1"}],"replies":[{"embeddable":true,"href":"https:\/\/agromt.news\/index.php?rest_route=%2Fwp%2Fv2%2Fcomments&post=15403"}],"version-history":[{"count":0,"href":"https:\/\/agromt.news\/index.php?rest_route=\/wp\/v2\/posts\/15403\/revisions"}],"wp:featuredmedia":[{"embeddable":true,"href":"https:\/\/agromt.news\/index.php?rest_route=\/wp\/v2\/media\/15404"}],"wp:attachment":[{"href":"https:\/\/agromt.news\/index.php?rest_route=%2Fwp%2Fv2%2Fmedia&parent=15403"}],"wp:term":[{"taxonomy":"category","embeddable":true,"href":"https:\/\/agromt.news\/index.php?rest_route=%2Fwp%2Fv2%2Fcategories&post=15403"},{"taxonomy":"post_tag","embeddable":true,"href":"https:\/\/agromt.news\/index.php?rest_route=%2Fwp%2Fv2%2Ftags&post=15403"}],"curies":[{"name":"wp","href":"https:\/\/api.w.org\/{rel}","templated":true}]}}