{"id":15402,"date":"2025-06-21T19:09:59","date_gmt":"2025-06-21T23:09:59","guid":{"rendered":"https:\/\/agromt.news\/?p=15402"},"modified":"2025-06-21T19:09:59","modified_gmt":"2025-06-21T23:09:59","slug":"logisticas-para-fortalecer-o-escoamento-da-producao","status":"publish","type":"post","link":"https:\/\/agromt.news\/?p=15402","title":{"rendered":"Log\u00edsticas para fortalecer o escoamento da produ\u00e7\u00e3o"},"content":{"rendered":"<p> <br \/>\n<\/p>\n<div>\n<p style=\"text-align:justify\">Nesta ter\u00e7a-feira (17), o ministro da Agricultura e Pecu\u00e1ria, Carlos F\u00e1varo, participou de reuni\u00e3o na sede do Minist\u00e9rio dos Transportes, em Bras\u00edlia, ao lado do ministro Renan Filho. O encontro teve como foco o andamento de obras log\u00edsticas priorit\u00e1rias para os estados de Mato Grosso e Goi\u00e1s, entre elas a conclus\u00e3o da obra na Ponte de Lu\u00eds Alves, na BR-080\/GO\/MT, e a pavimenta\u00e7\u00e3o de trechos da BR-158\/MT.&#13;\n<\/p>\n<p style=\"text-align:justify\">A Ponte de Lu\u00eds Alves, localizada sobre o Rio Araguaia, \u00e9 uma infraestrutura estrat\u00e9gica que conecta os estados de Goi\u00e1s e Mato Grosso, dois polos relevantes da produ\u00e7\u00e3o agropecu\u00e1ria nacional. Ao comentar o avan\u00e7o das obras, o ministro F\u00e1varo destacou a import\u00e2ncia da ponte para o escoamento da produ\u00e7\u00e3o agr\u00edcola da regi\u00e3o. \u201cO encabe\u00e7amento da ponte de Lu\u00eds Alves \u00e9 fundamental para a log\u00edstica da regi\u00e3o do Araguaia. Temos recebido boas not\u00edcias, como o avan\u00e7o da pavimenta\u00e7\u00e3o da BR-158, o destravamento do licenciamento da BR-242 e agora os progressos na BR-080. Enfim, a log\u00edstica est\u00e1 chegando de forma eficiente ao estado de Mato Grosso\u201d, afirmou F\u00e1varo.<\/p>\n<p style=\"text-align:justify\">O ministro dos Transportes, Renan Filho, refor\u00e7ou que a ponte faz parte dos principais projetos de integra\u00e7\u00e3o do pa\u00eds. \u201cEssa obra viabiliza um importante corredor log\u00edstico para a agricultura, reduzindo custos de transporte, melhorando a conectividade regional e aumentando a competitividade do setor produtivo. Ela est\u00e1 inclu\u00edda no Novo PAC e representa um compromisso do Governo Federal com o desenvolvimento do pa\u00eds\u201d, declarou.&#13;\n<\/p>\n<p style=\"text-align:justify\">Durante a reuni\u00e3o, o deputado federal Jos\u00e9 Nelto (GO) tamb\u00e9m destacou o impacto da infraestrutura para o agroneg\u00f3cio brasileiro, enquanto o senador Jayme Campos (MT) elogiou os investimentos realizados nas rodovias de Mato Grosso.<\/p>\n<p style=\"text-align:justify\"><strong>OBRAS<\/strong><\/p>\n<p style=\"text-align:justify\">Al\u00e9m de ser um importante corredor rodovi\u00e1rio para o escoamento da produ\u00e7\u00e3o agr\u00edcola de uma regi\u00e3o reconhecida por sua for\u00e7a no agroneg\u00f3cio, a Ponte de Lu\u00eds Alves contribui para o desenvolvimento socioecon\u00f4mico local, melhora a conectividade, reduz custos log\u00edsticos e amplia a efici\u00eancia do transporte, beneficiando diretamente os produtores e a economia regional.<\/p>\n<p style=\"text-align:justify\">Mato Grosso \u00e9 um dos maiores produtores de gr\u00e3os do Brasil e a BR-158\/MT \u00e9 uma das principais rotas log\u00edsticas do estado, utilizada para o escoamento de safras de soja, milho e algod\u00e3o tanto para outros estados quanto para exporta\u00e7\u00e3o.<\/p>\n<\/p><\/div>\n<p><script data-cfasync=\"false\">\n    !function (f, b, e, v, n, t, s) {\n        if (f.fbq) return; n = f.fbq = function () {\n            n.callMethod ?\n                n.callMethod.apply(n, arguments) : n.queue.push(arguments)\n        };\n        if (!f._fbq) f._fbq = n; n.push = n; n.loaded = !0; n.version = '2.0';\n        n.queue = []; t = b.createElement(e); t.async = !0;\n        t.src = v; s = b.getElementsByTagName(e)[0];\n        s.parentNode.insertBefore(t, s)\n    }(window, document, 'script',\n        'https:\/\/connect.facebook.net\/en_US\/fbevents.js');\n    fbq('init', '522546078623747');\n    fbq('track', 'PageView');\n<\/script><br \/>\n<br \/><br \/>\n<br \/><a href=\"https:\/\/www.agrolink.com.br\/noticias\/logisticas-para-fortalecer-o-escoamento-da-producao_503104.html\">Source link <\/a><\/p>\n","protected":false},"excerpt":{"rendered":"<p>Nesta ter\u00e7a-feira (17), o ministro da Agricultura e Pecu\u00e1ria, Carlos F\u00e1varo, participou de reuni\u00e3o na sede do Minist\u00e9rio dos Transportes,<\/p>\n","protected":false},"author":1,"featured_media":5485,"comment_status":"open","ping_status":"open","sticky":false,"template":"","format":"standard","meta":{"_monsterinsights_skip_tracking":false,"_monsterinsights_sitenote_active":false,"_monsterinsights_sitenote_note":"","_monsterinsights_sitenote_category":0,"_uf_show_specific_survey":0,"_uf_disable_surveys":false,"footnotes":""},"categories":[8,1,14],"tags":[],"class_list":["post-15402","post","type-post","status-publish","format-standard","has-post-thumbnail","hentry","category-agro","category-news","category-politica-agro"],"_links":{"self":[{"href":"https:\/\/agromt.news\/index.php?rest_route=\/wp\/v2\/posts\/15402"}],"collection":[{"href":"https:\/\/agromt.news\/index.php?rest_route=\/wp\/v2\/posts"}],"about":[{"href":"https:\/\/agromt.news\/index.php?rest_route=\/wp\/v2\/types\/post"}],"author":[{"embeddable":true,"href":"https:\/\/agromt.news\/index.php?rest_route=\/wp\/v2\/users\/1"}],"replies":[{"embeddable":true,"href":"https:\/\/agromt.news\/index.php?rest_route=%2Fwp%2Fv2%2Fcomments&post=15402"}],"version-history":[{"count":0,"href":"https:\/\/agromt.news\/index.php?rest_route=\/wp\/v2\/posts\/15402\/revisions"}],"wp:featuredmedia":[{"embeddable":true,"href":"https:\/\/agromt.news\/index.php?rest_route=\/wp\/v2\/media\/5485"}],"wp:attachment":[{"href":"https:\/\/agromt.news\/index.php?rest_route=%2Fwp%2Fv2%2Fmedia&parent=15402"}],"wp:term":[{"taxonomy":"category","embeddable":true,"href":"https:\/\/agromt.news\/index.php?rest_route=%2Fwp%2Fv2%2Fcategories&post=15402"},{"taxonomy":"post_tag","embeddable":true,"href":"https:\/\/agromt.news\/index.php?rest_route=%2Fwp%2Fv2%2Ftags&post=15402"}],"curies":[{"name":"wp","href":"https:\/\/api.w.org\/{rel}","templated":true}]}}