{"id":15400,"date":"2025-06-21T17:12:53","date_gmt":"2025-06-21T21:12:53","guid":{"rendered":"https:\/\/agromt.news\/?p=15400"},"modified":"2025-06-21T17:12:53","modified_gmt":"2025-06-21T21:12:53","slug":"exportacoes-de-milho-crescem-573-no-1o-quadrimestre","status":"publish","type":"post","link":"https:\/\/agromt.news\/?p=15400","title":{"rendered":"exporta\u00e7\u00f5es de milho crescem 573% no 1\u00ba quadrimestre"},"content":{"rendered":"<p> <br \/>\n<\/p>\n<div>\n<p style=\"text-align:justify\">As exporta\u00e7\u00f5es de <a href=\"https:\/\/www.agrolink.com.br\/culturas\/milho?utm_source=agrolink-detalhe-noticia&amp;utm_medium=detalhe-noticia&amp;utm_campaign=links-internos&#9;\" target=\"_blank\" rel=\"noopener\">milho<\/a> de Minas Gerais registraram forte crescimento entre janeiro e abril de 2025. Segundo a Secretaria de Estado de Agricultura, Pecu\u00e1ria e Abastecimento de Minas Gerais (Seapa), o Estado embarcou 105 mil toneladas do gr\u00e3o, o que representa um aumento de 573% no volume em compara\u00e7\u00e3o com o mesmo per\u00edodo de 2024. Em valores, as vendas externas somaram US$ 32 milh\u00f5es, alta de 34%.&#13;\n<\/p>\n<p style=\"text-align:justify\">A maior parte das exporta\u00e7\u00f5es correspondeu ao milho classificado como cereal. Nesse segmento, os embarques alcan\u00e7aram 101 mil toneladas, com receita de US$ 22 milh\u00f5es, o que representa um avan\u00e7o de 1.200% em rela\u00e7\u00e3o ao ano anterior. As demais categorias de produtos \u00e0 base de milho movimentaram cerca de US$ 10 milh\u00f5es, com o envio de aproximadamente 3 mil toneladas.<\/p>\n<p style=\"text-align:justify\">Uberaba, no Tri\u00e2ngulo Mineiro, foi o munic\u00edpio com maior produ\u00e7\u00e3o estadual de milho, conforme os dados mais recentes da Produ\u00e7\u00e3o Agr\u00edcola Municipal (PAM) do IBGE. Em 2023, a cidade produziu 372,3 mil toneladas, o equivalente a 4,49% da produ\u00e7\u00e3o de Minas Gerais.&#13;\n<\/p>\n<p style=\"text-align:justify\">O Brasil ocupa atualmente posi\u00e7\u00e3o de destaque entre os maiores produtores mundiais de milho. No caso de Minas, al\u00e9m da relev\u00e2ncia econ\u00f4mica, o produto tamb\u00e9m tem forte presen\u00e7a cultural, especialmente nas festas juninas. A tradi\u00e7\u00e3o de celebrar o milho nesta \u00e9poca do ano remonta \u00e0 coloniza\u00e7\u00e3o portuguesa, quando os agricultores, impossibilitados de cultivar trigo, adaptaram as celebra\u00e7\u00f5es para o milho.<\/p>\n<p style=\"text-align:justify\">A colheita no pa\u00eds costuma ocorrer em junho, coincidindo com as festas de S\u00e3o Jo\u00e3o. O ciclo tem in\u00edcio em mar\u00e7o, com o plantio durante a semana de S\u00e3o Jos\u00e9. O gr\u00e3o \u00e9 ingrediente de diversos pratos t\u00edpicos, como canjica, pipoca, bolo de milho e bolo de fub\u00e1. Al\u00e9m de tradicional na culin\u00e1ria, o milho \u00e9 reconhecido por seu valor nutricional, sendo fonte de vitaminas A, C e E.&#13;\n<\/p>\n<\/p><\/div>\n<p><script data-cfasync=\"false\">\n    !function (f, b, e, v, n, t, s) {\n        if (f.fbq) return; n = f.fbq = function () {\n            n.callMethod ?\n                n.callMethod.apply(n, arguments) : n.queue.push(arguments)\n        };\n        if (!f._fbq) f._fbq = n; n.push = n; n.loaded = !0; n.version = '2.0';\n        n.queue = []; t = b.createElement(e); t.async = !0;\n        t.src = v; s = b.getElementsByTagName(e)[0];\n        s.parentNode.insertBefore(t, s)\n    }(window, document, 'script',\n        'https:\/\/connect.facebook.net\/en_US\/fbevents.js');\n    fbq('init', '522546078623747');\n    fbq('track', 'PageView');\n<\/script><br \/>\n<br \/><br \/>\n<br \/><a href=\"https:\/\/www.agrolink.com.br\/noticias\/minas-gerais--exportacoes-de-milho-crescem-573--no-1--quadrimestre_503105.html\">Source link <\/a><\/p>\n","protected":false},"excerpt":{"rendered":"<p>As exporta\u00e7\u00f5es de milho de Minas Gerais registraram forte crescimento entre janeiro e abril de 2025. Segundo a Secretaria de<\/p>\n","protected":false},"author":1,"featured_media":4720,"comment_status":"open","ping_status":"open","sticky":false,"template":"","format":"standard","meta":{"_monsterinsights_skip_tracking":false,"_monsterinsights_sitenote_active":false,"_monsterinsights_sitenote_note":"","_monsterinsights_sitenote_category":0,"_uf_show_specific_survey":0,"_uf_disable_surveys":false,"footnotes":""},"categories":[8,1,14],"tags":[],"class_list":["post-15400","post","type-post","status-publish","format-standard","has-post-thumbnail","hentry","category-agro","category-news","category-politica-agro"],"_links":{"self":[{"href":"https:\/\/agromt.news\/index.php?rest_route=\/wp\/v2\/posts\/15400"}],"collection":[{"href":"https:\/\/agromt.news\/index.php?rest_route=\/wp\/v2\/posts"}],"about":[{"href":"https:\/\/agromt.news\/index.php?rest_route=\/wp\/v2\/types\/post"}],"author":[{"embeddable":true,"href":"https:\/\/agromt.news\/index.php?rest_route=\/wp\/v2\/users\/1"}],"replies":[{"embeddable":true,"href":"https:\/\/agromt.news\/index.php?rest_route=%2Fwp%2Fv2%2Fcomments&post=15400"}],"version-history":[{"count":0,"href":"https:\/\/agromt.news\/index.php?rest_route=\/wp\/v2\/posts\/15400\/revisions"}],"wp:featuredmedia":[{"embeddable":true,"href":"https:\/\/agromt.news\/index.php?rest_route=\/wp\/v2\/media\/4720"}],"wp:attachment":[{"href":"https:\/\/agromt.news\/index.php?rest_route=%2Fwp%2Fv2%2Fmedia&parent=15400"}],"wp:term":[{"taxonomy":"category","embeddable":true,"href":"https:\/\/agromt.news\/index.php?rest_route=%2Fwp%2Fv2%2Fcategories&post=15400"},{"taxonomy":"post_tag","embeddable":true,"href":"https:\/\/agromt.news\/index.php?rest_route=%2Fwp%2Fv2%2Ftags&post=15400"}],"curies":[{"name":"wp","href":"https:\/\/api.w.org\/{rel}","templated":true}]}}