{"id":15393,"date":"2025-06-21T15:16:06","date_gmt":"2025-06-21T19:16:06","guid":{"rendered":"https:\/\/agromt.news\/?p=15393"},"modified":"2025-06-21T15:16:06","modified_gmt":"2025-06-21T19:16:06","slug":"cotonicultura-avalia-impacto-da-crise-no-ira","status":"publish","type":"post","link":"https:\/\/agromt.news\/?p=15393","title":{"rendered":"cotonicultura avalia impacto da crise no Ir\u00e3"},"content":{"rendered":"<p> <br \/>\n<\/p>\n<div>\n<p style=\"text-align:justify\">A alta depend\u00eancia do Brasil em rela\u00e7\u00e3o aos fertilizantes importados, especialmente os nitrogenados, acendeu o alerta entre os produtores rurais diante do agravamento de tens\u00f5es geopol\u00edticas. Atualmente, cerca de 85% dos fertilizantes utilizados nas lavouras brasileiras v\u00eam do exterior. No caso espec\u00edfico da <a href=\"https:\/\/www.agrolink.com.br\/fertilizantes\/adubacao-mineral\/adubo--ureia---manejo_464496.html?utm_source=agrolink-detalhe-noticia&amp;utm_medium=detalhe-noticia&amp;utm_campaign=links-internoshttps:\/\/www.agrolink.com.br\/fertilizantes\/adubacao-mineral\/adubo--ureia---manejo_464496.html?utm_source=agrolink-detalhe-noticia&amp;utm_medium=detalhe-noticia&amp;utm_campaign=links-internos\" target=\"_blank\" rel=\"noopener\">Ureia<\/a>, aproximadamente 17% do volume consumido no pa\u00eds tem origem no Ir\u00e3, um dos pa\u00edses diretamente envolvidos no conflito que impacta o mercado internacional.&#13;\n<\/p>\n<p style=\"text-align:justify\">Embora as unidades de produ\u00e7\u00e3o de fertilizantes nos pa\u00edses afetados n\u00e3o tenham sido diretamente atingidas, o mercado global j\u00e1 sente os efeitos da instabilidade. A produ\u00e7\u00e3o de ureia no Ir\u00e3 est\u00e1 temporariamente paralisada. Segundo dados da consultoria StoneX, o pre\u00e7o da ureia acumula alta de aproximadamente 9% desde o in\u00edcio do ano. \u201cH\u00e1 expectativa de novas altas se o cen\u00e1rio de instabilidade persistir\u201d, aponta o relat\u00f3rio da consultoria.<\/p>\n<p style=\"text-align:justify\">O <a href=\"https:\/\/www.agrolink.com.br\/culturas\/algodao\/\" target=\"_blank\" rel=\"noopener\">algod\u00e3o<\/a> \u00e9 uma das culturas mais impactadas por esse cen\u00e1rio. Cultivado principalmente no Cerrado, o algodoeiro exige manejo intensivo de aduba\u00e7\u00e3o devido \u00e0 baixa fertilidade natural dos solos da regi\u00e3o e ao ciclo de cultivo prolongado, que varia entre 140 e 180 dias.&#13;\n<\/p>\n<p style=\"text-align:justify\">De acordo com M\u00e1rcio Portocarrero, diretor executivo da Associa\u00e7\u00e3o Brasileira dos Produtores de Algod\u00e3o (Abrapa), mesmo com o uso de pr\u00e1ticas como a rota\u00e7\u00e3o de culturas com <a href=\"https:\/\/www.agrolink.com.br\/culturas\/soja?utm_source=agrolink-detalhe-noticia&amp;utm_medium=detalhe-noticia&amp;utm_campaign=links-internos\" target=\"_blank\" rel=\"noopener\">soja<\/a> e <a href=\"https:\/\/www.agrolink.com.br\/culturas\/milho?utm_source=agrolink-detalhe-noticia&amp;utm_medium=detalhe-noticia&amp;utm_campaign=links-internos&#9;\" target=\"_blank\" rel=\"noopener\">milho<\/a> na entressafra, o setor depende do fornecimento adequado de insumos. \u201cUma poss\u00edvel crise global de produ\u00e7\u00e3o de fertilizantes tem impactos expressivos para o setor. Os produtores precisar\u00e3o avaliar com cuidado suas estrat\u00e9gias de manejo para mitigar perdas\u201d, afirma.<\/p>\n<p style=\"text-align:justify\">Al\u00e9m da quest\u00e3o dos fertilizantes, o setor enfrenta incertezas no cen\u00e1rio de exporta\u00e7\u00f5es. A China foi respons\u00e1vel por 49% das compras de algod\u00e3o brasileiro na safra 2023\/24, mas a demanda pode ser afetada pelas tens\u00f5es comerciais com os Estados Unidos. O algod\u00e3o adquirido pela China \u00e9, em grande parte, utilizado na produ\u00e7\u00e3o de t\u00eaxteis destinados ao mercado norte-americano. Uma nova rodada de tarifas sobre os produtos chineses pode reduzir a necessidade de importa\u00e7\u00f5es de algod\u00e3o pela China.&#13;\n<\/p>\n<p style=\"text-align:justify\">Portocarrero defende medidas para reduzir a vulnerabilidade brasileira na importa\u00e7\u00e3o de fertilizantes. Entre as a\u00e7\u00f5es priorit\u00e1rias, destaca a reativa\u00e7\u00e3o, conclus\u00e3o ou amplia\u00e7\u00e3o de f\u00e1bricas estrat\u00e9gicas no pa\u00eds. Nesse sentido, a Petrobras anunciou a retomada das unidades de Arauc\u00e1ria (PR) e Tr\u00eas Lagoas (MS), al\u00e9m da amplia\u00e7\u00e3o de encomendas para as f\u00e1bricas da Unigel, localizadas em Sergipe e na Bahia. No curto e m\u00e9dio prazo, outras alternativas est\u00e3o em avalia\u00e7\u00e3o. Entre elas est\u00e3o a redu\u00e7\u00e3o de tarifas de importa\u00e7\u00e3o, a revis\u00e3o de metas do Plano Nacional de Fertilizantes e o incentivo ao uso de nutrientes org\u00e2nicos, organominerais e remineralizadores, que potencializam os efeitos dos fertilizantes qu\u00edmicos nas lavouras.<\/p>\n<\/p><\/div>\n<p><script data-cfasync=\"false\">\n    !function (f, b, e, v, n, t, s) {\n        if (f.fbq) return; n = f.fbq = function () {\n            n.callMethod ?\n                n.callMethod.apply(n, arguments) : n.queue.push(arguments)\n        };\n        if (!f._fbq) f._fbq = n; n.push = n; n.loaded = !0; n.version = '2.0';\n        n.queue = []; t = b.createElement(e); t.async = !0;\n        t.src = v; s = b.getElementsByTagName(e)[0];\n        s.parentNode.insertBefore(t, s)\n    }(window, document, 'script',\n        'https:\/\/connect.facebook.net\/en_US\/fbevents.js');\n    fbq('init', '522546078623747');\n    fbq('track', 'PageView');\n<\/script><br \/>\n<br \/><br \/>\n<br \/><a href=\"https:\/\/www.agrolink.com.br\/noticias\/algodao--cotonicultura-avalia-impacto-da-crise-no-ira_503106.html\">Source link <\/a><\/p>\n","protected":false},"excerpt":{"rendered":"<p>A alta depend\u00eancia do Brasil em rela\u00e7\u00e3o aos fertilizantes importados, especialmente os nitrogenados, acendeu o alerta entre os produtores rurais<\/p>\n","protected":false},"author":1,"featured_media":8150,"comment_status":"open","ping_status":"open","sticky":false,"template":"","format":"standard","meta":{"_monsterinsights_skip_tracking":false,"_monsterinsights_sitenote_active":false,"_monsterinsights_sitenote_note":"","_monsterinsights_sitenote_category":0,"_uf_show_specific_survey":0,"_uf_disable_surveys":false,"footnotes":""},"categories":[8,1,14],"tags":[],"class_list":["post-15393","post","type-post","status-publish","format-standard","has-post-thumbnail","hentry","category-agro","category-news","category-politica-agro"],"_links":{"self":[{"href":"https:\/\/agromt.news\/index.php?rest_route=\/wp\/v2\/posts\/15393"}],"collection":[{"href":"https:\/\/agromt.news\/index.php?rest_route=\/wp\/v2\/posts"}],"about":[{"href":"https:\/\/agromt.news\/index.php?rest_route=\/wp\/v2\/types\/post"}],"author":[{"embeddable":true,"href":"https:\/\/agromt.news\/index.php?rest_route=\/wp\/v2\/users\/1"}],"replies":[{"embeddable":true,"href":"https:\/\/agromt.news\/index.php?rest_route=%2Fwp%2Fv2%2Fcomments&post=15393"}],"version-history":[{"count":0,"href":"https:\/\/agromt.news\/index.php?rest_route=\/wp\/v2\/posts\/15393\/revisions"}],"wp:featuredmedia":[{"embeddable":true,"href":"https:\/\/agromt.news\/index.php?rest_route=\/wp\/v2\/media\/8150"}],"wp:attachment":[{"href":"https:\/\/agromt.news\/index.php?rest_route=%2Fwp%2Fv2%2Fmedia&parent=15393"}],"wp:term":[{"taxonomy":"category","embeddable":true,"href":"https:\/\/agromt.news\/index.php?rest_route=%2Fwp%2Fv2%2Fcategories&post=15393"},{"taxonomy":"post_tag","embeddable":true,"href":"https:\/\/agromt.news\/index.php?rest_route=%2Fwp%2Fv2%2Ftags&post=15393"}],"curies":[{"name":"wp","href":"https:\/\/api.w.org\/{rel}","templated":true}]}}