{"id":15386,"date":"2025-06-21T13:19:27","date_gmt":"2025-06-21T17:19:27","guid":{"rendered":"https:\/\/agromt.news\/?p=15386"},"modified":"2025-06-21T13:19:27","modified_gmt":"2025-06-21T17:19:27","slug":"falta-de-sol-e-frio-desaceleram-crescimento-das-pastagens","status":"publish","type":"post","link":"https:\/\/agromt.news\/?p=15386","title":{"rendered":"Falta de sol e frio desaceleram crescimento das pastagens"},"content":{"rendered":"<p> <br \/>\n<\/p>\n<div>\n<p style=\"text-align:justify\">As condi\u00e7\u00f5es clim\u00e1ticas registradas nas \u00faltimas semanas no Rio Grande do Sul t\u00eam impactado negativamente o desenvolvimento das <a href=\"https:\/\/www.agrolink.com.br\/culturas\/pastagens?utm_source=agrolink-detalhe-noticia&amp;utm_medium=detalhe-noticia&amp;utm_campaign=links-internos\" target=\"_blank\" rel=\"noopener\">pastagens<\/a>. Segundo o Informativo Conjuntural da Emater\/RS-Ascar, divulgado nesta quarta-feira (18), o frio intenso, a ocorr\u00eancia de geadas e a baixa insola\u00e7\u00e3o reduziram o crescimento das forrageiras em v\u00e1rias regi\u00f5es do Estado.&#13;\n<\/p>\n<p style=\"text-align:justify\">Apesar do cen\u00e1rio adverso, algumas \u00e1reas de campo nativo e pastagens cultivadas ainda permitiram um n\u00edvel de pastejo, complementado por silagem e sal proteinado. \u201cDe forma geral, a oferta de forragem foi suficiente para manter o desempenho dos rebanhos\u201d, informa o boletim. No entanto, nas propriedades que dependem exclusivamente do campo nativo, j\u00e1 h\u00e1 relatos de preju\u00edzos na condi\u00e7\u00e3o corporal dos animais.<\/p>\n<p style=\"text-align:justify\">Na regi\u00e3o de Bag\u00e9, na Campanha, as geadas intensas queimaram grande parte da massa verde, o que reduziu\u00a0a oferta de forragem. Em Caxias do Sul, o trigo forrageiro apresentou bom desenvolvimento e tem sido utilizado para pastejo.<\/p>\n<p style=\"text-align:justify\">Na regi\u00e3o de Erechim, a umidade do solo favoreceu o crescimento das culturas de ver\u00e3o e das gram\u00edneas nativas e perenes de inverno, mesmo com as temperaturas baixas. J\u00e1 em Frederico Westphalen, as chuvas frequentes impediram a aplica\u00e7\u00e3o de fertilizantes e dejetos de su\u00ednos, pr\u00e1ticas que costumam estimular as pastagens.&#13;\n<\/p>\n<p style=\"text-align:justify\">Em Iju\u00ed, os altos volumes de chuva dos \u00faltimos dias n\u00e3o geraram necessidade de replantio nas \u00e1reas de pastagem. Em Passo Fundo, o frio mais intenso desacelerou ainda mais o crescimento das esp\u00e9cies forrageiras do campo nativo, exigindo a transfer\u00eancia dos bovinos para pastagens cultivadas. Na regi\u00e3o de Pelotas, a oferta de pastagens de inverno permanece limitada. A estiagem de outono atrasou os plantios e, mesmo nas \u00e1reas implantadas no per\u00edodo ideal, o desenvolvimento foi prejudicado pela falta de \u00e1gua.<\/p>\n<p style=\"text-align:justify\">O cen\u00e1rio em Porto Alegre foi mais favor\u00e1vel, com as condi\u00e7\u00f5es clim\u00e1ticas favorecendo o desenvolvimento das pastagens de inverno. Em Santa Maria, o campo nativo permanece estagnado, com forragem de baixa qualidade e alto teor de fibra. Na regi\u00e3o de Santa Rosa, os produtores est\u00e3o evitando o pastejo para preservar a rebrota e o enraizamento das plantas, minimizando os efeitos do pisoteio. Em Soledade, as pastagens perenes, as anuais de ver\u00e3o e os campos nativos apresentam baixa oferta de volumoso devido ao frio.&#13;\n<\/p>\n<\/p><\/div>\n<p><script data-cfasync=\"false\">\n    !function (f, b, e, v, n, t, s) {\n        if (f.fbq) return; n = f.fbq = function () {\n            n.callMethod ?\n                n.callMethod.apply(n, arguments) : n.queue.push(arguments)\n        };\n        if (!f._fbq) f._fbq = n; n.push = n; n.loaded = !0; n.version = '2.0';\n        n.queue = []; t = b.createElement(e); t.async = !0;\n        t.src = v; s = b.getElementsByTagName(e)[0];\n        s.parentNode.insertBefore(t, s)\n    }(window, document, 'script',\n        'https:\/\/connect.facebook.net\/en_US\/fbevents.js');\n    fbq('init', '522546078623747');\n    fbq('track', 'PageView');\n<\/script><br \/>\n<br \/><br \/>\n<br \/><a href=\"https:\/\/www.agrolink.com.br\/noticias\/falta-de-sol-e-frio-desaceleram-crescimento-das-pastagens_503107.html\">Source link <\/a><\/p>\n","protected":false},"excerpt":{"rendered":"<p>As condi\u00e7\u00f5es clim\u00e1ticas registradas nas \u00faltimas semanas no Rio Grande do Sul t\u00eam impactado negativamente o desenvolvimento das pastagens. Segundo<\/p>\n","protected":false},"author":1,"featured_media":2013,"comment_status":"open","ping_status":"open","sticky":false,"template":"","format":"standard","meta":{"_monsterinsights_skip_tracking":false,"_monsterinsights_sitenote_active":false,"_monsterinsights_sitenote_note":"","_monsterinsights_sitenote_category":0,"_uf_show_specific_survey":0,"_uf_disable_surveys":false,"footnotes":""},"categories":[8,1,14],"tags":[],"class_list":["post-15386","post","type-post","status-publish","format-standard","has-post-thumbnail","hentry","category-agro","category-news","category-politica-agro"],"_links":{"self":[{"href":"https:\/\/agromt.news\/index.php?rest_route=\/wp\/v2\/posts\/15386"}],"collection":[{"href":"https:\/\/agromt.news\/index.php?rest_route=\/wp\/v2\/posts"}],"about":[{"href":"https:\/\/agromt.news\/index.php?rest_route=\/wp\/v2\/types\/post"}],"author":[{"embeddable":true,"href":"https:\/\/agromt.news\/index.php?rest_route=\/wp\/v2\/users\/1"}],"replies":[{"embeddable":true,"href":"https:\/\/agromt.news\/index.php?rest_route=%2Fwp%2Fv2%2Fcomments&post=15386"}],"version-history":[{"count":0,"href":"https:\/\/agromt.news\/index.php?rest_route=\/wp\/v2\/posts\/15386\/revisions"}],"wp:featuredmedia":[{"embeddable":true,"href":"https:\/\/agromt.news\/index.php?rest_route=\/wp\/v2\/media\/2013"}],"wp:attachment":[{"href":"https:\/\/agromt.news\/index.php?rest_route=%2Fwp%2Fv2%2Fmedia&parent=15386"}],"wp:term":[{"taxonomy":"category","embeddable":true,"href":"https:\/\/agromt.news\/index.php?rest_route=%2Fwp%2Fv2%2Fcategories&post=15386"},{"taxonomy":"post_tag","embeddable":true,"href":"https:\/\/agromt.news\/index.php?rest_route=%2Fwp%2Fv2%2Ftags&post=15386"}],"curies":[{"name":"wp","href":"https:\/\/api.w.org\/{rel}","templated":true}]}}