{"id":15370,"date":"2025-06-21T09:12:08","date_gmt":"2025-06-21T13:12:08","guid":{"rendered":"https:\/\/agromt.news\/?p=15370"},"modified":"2025-06-21T09:12:08","modified_gmt":"2025-06-21T13:12:08","slug":"o-que-dificulta-a-adocao-de-praticas-sustentaveis-na-sua-propriedade","status":"publish","type":"post","link":"https:\/\/agromt.news\/?p=15370","title":{"rendered":"O\u00a0que dificulta a ado\u00e7\u00e3o de pr\u00e1ticas sustent\u00e1veis na sua propriedade?\u00a0"},"content":{"rendered":"<p> <br \/>\n<\/p>\n<div>\n<p>Na interatividade da semana, perguntamos: O que dificulta a ado\u00e7\u00e3o de pr\u00e1ticas sustent\u00e1veis na sua propriedade?\u00a0<\/p>\n<figure class=\"wp-block-image size-large\"><img fetchpriority=\"high\" decoding=\"async\" width=\"1024\" height=\"348\" alt=\"\" class=\"wp-image-4105167\"  data-lazy- src=\"https:\/\/agromt.news\/wp-content\/uploads\/2025\/06\/O-que-dificulta-a-adocao-de-praticas-sustentaveis-na-sua-propriedade.jpg\"\/><img decoding=\"async\" width=\"1024\" height=\"348\" src=\"https:\/\/agromt.news\/wp-content\/uploads\/2025\/06\/O-que-dificulta-a-adocao-de-praticas-sustentaveis-na-sua-propriedade.jpg\" alt=\"\" class=\"wp-image-4105167\"  \/><\/figure>\n<p>A enquete ficou bastante acirrada, com 49% dos votos o custo inicial muito alto \u00e9 a maior dificuldade. \u201cEsse \u00e9 um desafio real, especialmente quando falamos de pequenas propriedades com menor acesso a cr\u00e9dito ou tecnologias. Muitos produtores t\u00eam receio de fazer investimentos sem ter certeza do retorno.\u201d afirma analista do Sebrae, Carolina Moraes. <\/p>\n<p>Seguido de 44% dos votos para falta de informa\u00e7\u00e3o ou assist\u00eancia t\u00e9cnica.\u00a0Segundo a Carolina \u201ca sustentabilidade na propriedade n\u00e3o depende apenas de investimentos financeiros. Muitas vezes, pequenas mudan\u00e7as no manejo, no uso da \u00e1gua, do solo ou na diversifica\u00e7\u00e3o da produ\u00e7\u00e3o j\u00e1 trazem benef\u00edcios ambientais e econ\u00f4micos\u201d. <\/p>\n<p>J\u00e1 o medo de reduzir a produtividade ficou com 7% dos votos. \u201cEsse receio \u00e9 compreens\u00edvel, mas o que a experi\u00eancia tem mostrado \u00e9 que, no m\u00e9dio e longo prazo, pr\u00e1ticas sustent\u00e1veis tendem a melhorar a produtividade e a resili\u00eancia da propriedade\u201d, conclui Moraes. <\/p>\n<ul class=\"wp-block-list\">\n<li><em>Participe do Porteira Aberta Empreender: envie perguntas, sugest\u00f5es e conte sua hist\u00f3ria de empreendedorismo pelo <\/em><a href=\"https:\/\/api.whatsapp.com\/send?phone=5511932796720&amp;PorteiraAbertaEmpreender=SuaMensagem\"><strong>WhatsApp<\/strong><\/a><\/li>\n<\/ul>\n<\/div>\n<div>\n<p>Toda quinta-feira tem uma nova enquete no Porteira Aberta Empreender!<\/p>\n<p>Participe, envie sua opini\u00e3o e ajude a construir pautas ainda mais importantes para voc\u00ea, micro e pequeno empreendedor rural.<\/p>\n<p>A resposta da pergunta da semana vai ao ar todo s\u00e1bado no canal do <a href=\"https:\/\/www.youtube.com\/playlist?list=PL8fRHJSOpctjAnkcXTOlHZvyDr6rPdTwE\"><strong>YouTube<\/strong><\/a> do Canal Rural.<\/p>\n<p>Acompanhe!<\/p>\n<\/p><\/div>\n<p><br \/>\n<br \/><a href=\"https:\/\/www.canalrural.com.br\/empreendedorismo\/o-que-dificulta-a-adocao-de-praticas-sustentaveis-na-sua-propriedade\/\">Source link <\/a><\/p>\n","protected":false},"excerpt":{"rendered":"<p>Na interatividade da semana, perguntamos: O que dificulta a ado\u00e7\u00e3o de pr\u00e1ticas sustent\u00e1veis na sua propriedade?\u00a0 A enquete ficou bastante<\/p>\n","protected":false},"author":1,"featured_media":15371,"comment_status":"open","ping_status":"open","sticky":false,"template":"","format":"standard","meta":{"_monsterinsights_skip_tracking":false,"_monsterinsights_sitenote_active":false,"_monsterinsights_sitenote_note":"","_monsterinsights_sitenote_category":0,"_uf_show_specific_survey":0,"_uf_disable_surveys":false,"footnotes":""},"categories":[1],"tags":[],"class_list":["post-15370","post","type-post","status-publish","format-standard","has-post-thumbnail","hentry","category-news"],"_links":{"self":[{"href":"https:\/\/agromt.news\/index.php?rest_route=\/wp\/v2\/posts\/15370"}],"collection":[{"href":"https:\/\/agromt.news\/index.php?rest_route=\/wp\/v2\/posts"}],"about":[{"href":"https:\/\/agromt.news\/index.php?rest_route=\/wp\/v2\/types\/post"}],"author":[{"embeddable":true,"href":"https:\/\/agromt.news\/index.php?rest_route=\/wp\/v2\/users\/1"}],"replies":[{"embeddable":true,"href":"https:\/\/agromt.news\/index.php?rest_route=%2Fwp%2Fv2%2Fcomments&post=15370"}],"version-history":[{"count":0,"href":"https:\/\/agromt.news\/index.php?rest_route=\/wp\/v2\/posts\/15370\/revisions"}],"wp:featuredmedia":[{"embeddable":true,"href":"https:\/\/agromt.news\/index.php?rest_route=\/wp\/v2\/media\/15371"}],"wp:attachment":[{"href":"https:\/\/agromt.news\/index.php?rest_route=%2Fwp%2Fv2%2Fmedia&parent=15370"}],"wp:term":[{"taxonomy":"category","embeddable":true,"href":"https:\/\/agromt.news\/index.php?rest_route=%2Fwp%2Fv2%2Fcategories&post=15370"},{"taxonomy":"post_tag","embeddable":true,"href":"https:\/\/agromt.news\/index.php?rest_route=%2Fwp%2Fv2%2Ftags&post=15370"}],"curies":[{"name":"wp","href":"https:\/\/api.w.org\/{rel}","templated":true}]}}