{"id":15368,"date":"2025-06-21T05:34:07","date_gmt":"2025-06-21T09:34:07","guid":{"rendered":"https:\/\/agromt.news\/?p=15368"},"modified":"2025-06-21T05:34:07","modified_gmt":"2025-06-21T09:34:07","slug":"exportacoes-do-agro-mineiro-crescem-24-no-acumulado-de-2025","status":"publish","type":"post","link":"https:\/\/agromt.news\/?p=15368","title":{"rendered":"Exporta\u00e7\u00f5es do agro mineiro crescem 24% no acumulado de 2025"},"content":{"rendered":"<p> <br \/>\n<\/p>\n<div>\n<p style=\"text-align:justify\">Minas Gerais registrou um avan\u00e7o de 24% nas exporta\u00e7\u00f5es do agroneg\u00f3cio entre janeiro e maio de 2025, em compara\u00e7\u00e3o com o mesmo per\u00edodo do ano anterior. Segundo dados da Secretaria de Estado de Agricultura, Pecu\u00e1ria e Abastecimento (Seapa), o valor total embarcado chegou a US$ 8,4 bilh\u00f5es. Apesar da queda de 5,2% no volume exportado, que somou 6,9 milh\u00f5es de toneladas, a valoriza\u00e7\u00e3o dos pre\u00e7os internacionais compensou a redu\u00e7\u00e3o f\u00edsica.&#13;\n<\/p>\n<p style=\"text-align:justify\">O <a href=\"https:\/\/www.agrolink.com.br\/culturas\/cafe\/?utm_source=agrolink-detalhe-noticia&amp;utm_medium=detalhe-noticia&amp;utm_campaign=links-internos\" target=\"_blank\" rel=\"noopener\">caf\u00e9<\/a>\u00a0permaneceu como principal produto da pauta exportadora do estado. As vendas externas da commodity alcan\u00e7aram US$ 4,8 bilh\u00f5es, o que representa um crescimento de 67,2% em valor. Segundo a Seapa, a alta nos pre\u00e7os internacionais foi decisiva para o resultado, mesmo com uma queda de 5,5% no volume embarcado, reflexo da menor oferta interna e de dificuldades log\u00edsticas.<\/p>\n<p style=\"text-align:justify\">O setor de carnes tamb\u00e9m apresentou desempenho positivo. As exporta\u00e7\u00f5es totalizaram US$ 680,4 milh\u00f5es, com aumento de 17,1% no valor e de 7,1% no volume. A carne bovina foi a principal respons\u00e1vel pela alta, com crescimento de 17,2% em receita e 5,1% em quantidade. A carne de frango respondeu por 23,5% da receita das carnes exportadas, movimentando US$ 159,7 milh\u00f5es, com eleva\u00e7\u00f5es de 8,6% em valor e 3,9% em volume.&#13;\n<\/p>\n<p style=\"text-align:justify\">O complexo <a href=\"https:\/\/www.agrolink.com.br\/culturas\/soja?utm_source=agrolink-detalhe-noticia&amp;utm_medium=detalhe-noticia&amp;utm_campaign=links-internos\" target=\"_blank\" rel=\"noopener\">soja<\/a>, por outro lado, registrou queda de 9,2% em valor, atingindo US$ 1,6 bilh\u00e3o, enquanto o volume permaneceu est\u00e1vel em 4 milh\u00f5es de toneladas. Segundo a Seapa, o recuo nos pre\u00e7os foi influenciado pelo aumento global dos estoques e pela redu\u00e7\u00e3o dos pr\u00eamios de exporta\u00e7\u00e3o.<\/p>\n<p style=\"text-align:justify\">Alguns produtos registraram crescimento expressivo, como os ovos, com alta de 674,8% em valor exportado, al\u00e9m dos produtos ap\u00edcolas, que cresceram 90,5%. Os cereais, com destaque para o <a href=\"https:\/\/www.agrolink.com.br\/culturas\/milho?utm_source=agrolink-detalhe-noticia&amp;utm_medium=detalhe-noticia&amp;utm_campaign=links-internos&#9;\" target=\"_blank\" rel=\"noopener\">milho<\/a>, tiveram aumento de 89,4%, e os queijos avan\u00e7aram 25,4%. Para a Seapa, os dados demonstram a amplia\u00e7\u00e3o da presen\u00e7a mineira em novos mercados consumidores.&#13;\n<\/p>\n<p style=\"text-align:justify\">O setor sucroalcooleiro enfrentou retra\u00e7\u00e3o. As exporta\u00e7\u00f5es somaram US$ 487,1 milh\u00f5es, com queda de 35,4% em valor e 29,7% em volume. O a\u00e7\u00facar de cana respondeu por US$ 461,2 milh\u00f5es, com recuo de 36,1%, enquanto o \u00e1lcool registrou baixa de 22,3%. Os produtos florestais tamb\u00e9m fecharam o per\u00edodo com queda de 3%, totalizando US$ 465,7 milh\u00f5es exportados.<\/p>\n<\/p><\/div>\n<p><script data-cfasync=\"false\">\n    !function (f, b, e, v, n, t, s) {\n        if (f.fbq) return; n = f.fbq = function () {\n            n.callMethod ?\n                n.callMethod.apply(n, arguments) : n.queue.push(arguments)\n        };\n        if (!f._fbq) f._fbq = n; n.push = n; n.loaded = !0; n.version = '2.0';\n        n.queue = []; t = b.createElement(e); t.async = !0;\n        t.src = v; s = b.getElementsByTagName(e)[0];\n        s.parentNode.insertBefore(t, s)\n    }(window, document, 'script',\n        'https:\/\/connect.facebook.net\/en_US\/fbevents.js');\n    fbq('init', '522546078623747');\n    fbq('track', 'PageView');\n<\/script><br \/>\n<br \/><br \/>\n<br \/><a href=\"https:\/\/www.agrolink.com.br\/noticias\/exportacoes-do-agro-mineiro-crescem-24--no-acumulado-de-2025_503111.html\">Source link <\/a><\/p>\n","protected":false},"excerpt":{"rendered":"<p>Minas Gerais registrou um avan\u00e7o de 24% nas exporta\u00e7\u00f5es do agroneg\u00f3cio entre janeiro e maio de 2025, em compara\u00e7\u00e3o com<\/p>\n","protected":false},"author":1,"featured_media":1623,"comment_status":"open","ping_status":"open","sticky":false,"template":"","format":"standard","meta":{"_monsterinsights_skip_tracking":false,"_monsterinsights_sitenote_active":false,"_monsterinsights_sitenote_note":"","_monsterinsights_sitenote_category":0,"_uf_show_specific_survey":0,"_uf_disable_surveys":false,"footnotes":""},"categories":[8,1,14],"tags":[],"class_list":["post-15368","post","type-post","status-publish","format-standard","has-post-thumbnail","hentry","category-agro","category-news","category-politica-agro"],"_links":{"self":[{"href":"https:\/\/agromt.news\/index.php?rest_route=\/wp\/v2\/posts\/15368"}],"collection":[{"href":"https:\/\/agromt.news\/index.php?rest_route=\/wp\/v2\/posts"}],"about":[{"href":"https:\/\/agromt.news\/index.php?rest_route=\/wp\/v2\/types\/post"}],"author":[{"embeddable":true,"href":"https:\/\/agromt.news\/index.php?rest_route=\/wp\/v2\/users\/1"}],"replies":[{"embeddable":true,"href":"https:\/\/agromt.news\/index.php?rest_route=%2Fwp%2Fv2%2Fcomments&post=15368"}],"version-history":[{"count":0,"href":"https:\/\/agromt.news\/index.php?rest_route=\/wp\/v2\/posts\/15368\/revisions"}],"wp:featuredmedia":[{"embeddable":true,"href":"https:\/\/agromt.news\/index.php?rest_route=\/wp\/v2\/media\/1623"}],"wp:attachment":[{"href":"https:\/\/agromt.news\/index.php?rest_route=%2Fwp%2Fv2%2Fmedia&parent=15368"}],"wp:term":[{"taxonomy":"category","embeddable":true,"href":"https:\/\/agromt.news\/index.php?rest_route=%2Fwp%2Fv2%2Fcategories&post=15368"},{"taxonomy":"post_tag","embeddable":true,"href":"https:\/\/agromt.news\/index.php?rest_route=%2Fwp%2Fv2%2Ftags&post=15368"}],"curies":[{"name":"wp","href":"https:\/\/api.w.org\/{rel}","templated":true}]}}