{"id":15367,"date":"2025-06-21T01:41:05","date_gmt":"2025-06-21T05:41:05","guid":{"rendered":"https:\/\/agromt.news\/?p=15367"},"modified":"2025-06-21T01:41:05","modified_gmt":"2025-06-21T05:41:05","slug":"milho-como-evitar-a-giberela","status":"publish","type":"post","link":"https:\/\/agromt.news\/?p=15367","title":{"rendered":"Milho: como evitar a giberela"},"content":{"rendered":"<p> <br \/>\n<\/p>\n<div>\n<div class=\"row\">\n<div class=\"col-lg col-infos mt-0 mt-lg-0\">\n<div class=\"section-sub-title\">\n<p itemprop=\"description\">&#13;<br \/>\n                                \u201cA giberela \u00e9 uma doen\u00e7a grave que ataca principalmente as espigas do milho&#8221;&#13;\n                            <\/p>\n<\/p><\/div>\n<div class=\"container\">\n<div class=\"row\">\n<div class=\"col-lg p-0\">\n<div>\n<div class=\"block-news-main-infos mt-3 text-start\">\n<p>                                            <strong class=\"fn\" itemprop=\"author\" style=\"color: rgb(112, 112, 112); \">&#13;<br \/>\n                                                <a href=\"https:\/\/www.agrolink.com.br\/noticias\/javascript:;\" class=\"text-uppercase\" target=\"_blank\" style=\"color: rgb(112, 112, 112); \" rel=\"noopener\">Agrolink<\/a>&#13;<br \/>\n&#13;<br \/>\n                                                    &#8211; Leonardo Gottems&#13;<br \/>\n&#13;<br \/>\n                                            <\/strong><br \/>\n                                        <\/p>\n<p>                                            <abbr><time datetime=\"2025-06-19T10:52\" itemprop=\"datePublished dateModified\">Publicado em 19\/06\/2025 \u00e0s 10:52h.<\/time><\/abbr><br \/>\n                                            <\/p><\/div>\n<\/p><\/div>\n<\/p><\/div>\n<div class=\"col-lg p-0 text-lg-end\">\n<div>\n<div id=\"mdEnviarPagina\" class=\"modal fade\" role=\"dialog\">\n<div class=\"modal-dialog\">\n<div class=\"modal-content\">\n<div class=\"modal-body\">\n<p><strong>Estimado usu\u00e1rio.<\/strong><br \/>Preencha o formul\u00e1rio abaixo para remeter a p\u00e1gina.<\/p>\n<\/p><\/div>\n<\/p><\/div>\n<\/p><\/div>\n<\/div><\/div>\n<\/p><\/div>\n<\/p><\/div>\n<\/p><\/div>\n<\/p><\/div>\n<\/p><\/div>\n<div class=\"row justify-content-md-center mt-3\">\n<div class=\"col-lg-auto col-image block-news-main-image\">\n<p>                                <img decoding=\"async\" src=\"https:\/\/www.agrolink.com.br\/upload\/imagens-resizes\/9ec5621fe47c45d9bbb2a95321327ec3_858x483.jpg\" class=\"lazyload img-fluid\" alt=\"\u201cA giberela \u00e9 uma doen\u00e7a grave que ataca principalmente as espigas do milho&quot;\"\/><br \/>\n                                                <span class=\"d-block mt-1\">\u201cA giberela \u00e9 uma doen\u00e7a grave que ataca principalmente as espigas do milho&#8221; &#8211; Foto: Nadia Borges<\/span><\/p><\/div>\n<\/p><\/div>\n<div class=\"section-description section-description-noticias mt-3\">\n<p>A giberela, causada pelo fungo Fusarium graminearum, \u00e9 uma doen\u00e7a preocupante que compromete principalmente as espigas de <a href=\"https:\/\/www.agrolink.com.br\/culturas\/milho?utm_source=agrolink-detalhe-noticia&amp;utm_medium=detalhe-noticia&amp;utm_campaign=links-internos&#9;\" target=\"_blank\" rel=\"noopener\">milho<\/a>, sobretudo em per\u00edodos de alta umidade e chuvas durante a fase de flora\u00e7\u00e3o, alerta a engenheira agr\u00f4noma Milena Barros. O problema vai al\u00e9m da perda de produtividade: a contamina\u00e7\u00e3o dos gr\u00e3os por toxinas como zearalenona e deoxinivalenol (DON) pode torn\u00e1-los impr\u00f3prios para o consumo humano e animal.&#13;\n<\/p>\n<p>\u201cA giberela \u00e9 uma doen\u00e7a grave que ataca principalmente as espigas do milho, causada por um fungo chamado Fusarium graminearum. Ela aparece, principalmente, em per\u00edodos chuvosos e \u00famidos durante a flora\u00e7\u00e3o\u201d, comenta.<\/p>\n<p>Entre os sinais mais comuns est\u00e3o espigas com aspecto de apodrecimento, iniciando pela ponta, gr\u00e3os esbranqui\u00e7ados ou rosados, presen\u00e7a de mic\u00e9lio vis\u00edvel de cor rosada e deforma\u00e7\u00f5es que deixam os gr\u00e3os mais leves e murchos. Esse quadro impacta diretamente na qualidade final da colheita e na rentabilidade do produtor.<\/p>\n<p>Para reduzir os riscos de ocorr\u00eancia, Milena Barros recomenda adotar algumas medidas preventivas: optar por sementes de cultivares com maior resist\u00eancia \u00e0 doen\u00e7a, fazer rota\u00e7\u00e3o de culturas \u2014 como alternar o milho com soja \u2014 e manejar adequadamente os restos de palhada e espigas deixados no campo, que servem de abrigo para o fungo.&#13;\n<\/p>\n<p>Al\u00e9m disso, o monitoramento constante das condi\u00e7\u00f5es clim\u00e1ticas e a aplica\u00e7\u00e3o de fungicidas, se indicados por um t\u00e9cnico, s\u00e3o pr\u00e1ticas que refor\u00e7am o controle da giberela. Dessa forma, \u00e9 poss\u00edvel proteger a lavoura, assegurar gr\u00e3os de melhor qualidade e evitar preju\u00edzos maiores. As informa\u00e7\u00f5es foram divulgadas no LinkedIn.<br \/>&#13;<br \/>\n\u00a0<\/p>\n<\/p><\/div>\n<\/p><\/div>\n<p><script data-cfasync=\"false\">\n    !function (f, b, e, v, n, t, s) {\n        if (f.fbq) return; n = f.fbq = function () {\n            n.callMethod ?\n                n.callMethod.apply(n, arguments) : n.queue.push(arguments)\n        };\n        if (!f._fbq) f._fbq = n; n.push = n; n.loaded = !0; n.version = '2.0';\n        n.queue = []; t = b.createElement(e); t.async = !0;\n        t.src = v; s = b.getElementsByTagName(e)[0];\n        s.parentNode.insertBefore(t, s)\n    }(window, document, 'script',\n        'https:\/\/connect.facebook.net\/en_US\/fbevents.js');\n    fbq('init', '522546078623747');\n    fbq('track', 'PageView');\n<\/script><br \/>\n<br \/><br \/>\n<br \/><a href=\"https:\/\/www.agrolink.com.br\/noticias\/milho--como-evitar-a-giberela_503063.html\">Source link <\/a><\/p>\n","protected":false},"excerpt":{"rendered":"<p>&#13; \u201cA giberela \u00e9 uma doen\u00e7a grave que ataca principalmente as espigas do milho&#8221;&#13; &#13; Agrolink&#13; &#13; &#8211; Leonardo Gottems&#13;<\/p>\n","protected":false},"author":1,"featured_media":950,"comment_status":"open","ping_status":"open","sticky":false,"template":"","format":"standard","meta":{"_monsterinsights_skip_tracking":false,"_monsterinsights_sitenote_active":false,"_monsterinsights_sitenote_note":"","_monsterinsights_sitenote_category":0,"_uf_show_specific_survey":0,"_uf_disable_surveys":false,"footnotes":""},"categories":[8,1,14],"tags":[],"class_list":["post-15367","post","type-post","status-publish","format-standard","has-post-thumbnail","hentry","category-agro","category-news","category-politica-agro"],"_links":{"self":[{"href":"https:\/\/agromt.news\/index.php?rest_route=\/wp\/v2\/posts\/15367"}],"collection":[{"href":"https:\/\/agromt.news\/index.php?rest_route=\/wp\/v2\/posts"}],"about":[{"href":"https:\/\/agromt.news\/index.php?rest_route=\/wp\/v2\/types\/post"}],"author":[{"embeddable":true,"href":"https:\/\/agromt.news\/index.php?rest_route=\/wp\/v2\/users\/1"}],"replies":[{"embeddable":true,"href":"https:\/\/agromt.news\/index.php?rest_route=%2Fwp%2Fv2%2Fcomments&post=15367"}],"version-history":[{"count":0,"href":"https:\/\/agromt.news\/index.php?rest_route=\/wp\/v2\/posts\/15367\/revisions"}],"wp:featuredmedia":[{"embeddable":true,"href":"https:\/\/agromt.news\/index.php?rest_route=\/wp\/v2\/media\/950"}],"wp:attachment":[{"href":"https:\/\/agromt.news\/index.php?rest_route=%2Fwp%2Fv2%2Fmedia&parent=15367"}],"wp:term":[{"taxonomy":"category","embeddable":true,"href":"https:\/\/agromt.news\/index.php?rest_route=%2Fwp%2Fv2%2Fcategories&post=15367"},{"taxonomy":"post_tag","embeddable":true,"href":"https:\/\/agromt.news\/index.php?rest_route=%2Fwp%2Fv2%2Ftags&post=15367"}],"curies":[{"name":"wp","href":"https:\/\/api.w.org\/{rel}","templated":true}]}}