{"id":15366,"date":"2025-06-20T23:42:42","date_gmt":"2025-06-21T03:42:42","guid":{"rendered":"https:\/\/agromt.news\/?p=15366"},"modified":"2025-06-20T23:42:42","modified_gmt":"2025-06-21T03:42:42","slug":"producao-de-milho-do-zimbabue-deve-dobrar","status":"publish","type":"post","link":"https:\/\/agromt.news\/?p=15366","title":{"rendered":"Produ\u00e7\u00e3o de milho do Zimb\u00e1bue deve dobrar"},"content":{"rendered":"<p> <br \/>\n<\/p>\n<div>\n<div class=\"row\">\n<div class=\"col-lg col-infos mt-0 mt-lg-0\">\n<div class=\"section-sub-title\">\n<p itemprop=\"description\">&#13;<br \/>\n                                As importa\u00e7\u00f5es de milho devem recuar 300 mil toneladas&#13;\n                            <\/p>\n<\/p><\/div>\n<div class=\"container\">\n<div class=\"row\">\n<div class=\"col-lg p-0\">\n<div>\n<div class=\"block-news-main-infos mt-3 text-start\">\n<p>                                            <strong class=\"fn\" itemprop=\"author\" style=\"color: rgb(112, 112, 112); \">&#13;<br \/>\n                                                <a href=\"https:\/\/www.agrolink.com.br\/noticias\/javascript:;\" class=\"text-uppercase\" target=\"_blank\" style=\"color: rgb(112, 112, 112); \" rel=\"noopener\">Agrolink<\/a>&#13;<br \/>\n&#13;<br \/>\n                                                    &#8211; Leonardo Gottems&#13;<br \/>\n&#13;<br \/>\n                                            <\/strong><br \/>\n                                        <\/p>\n<p>                                            <abbr><time datetime=\"2025-06-19T14:12\" itemprop=\"datePublished dateModified\">Publicado em 19\/06\/2025 \u00e0s 14:12h.<\/time><\/abbr><br \/>\n                                            <\/p><\/div>\n<\/p><\/div>\n<\/p><\/div>\n<div class=\"col-lg p-0 text-lg-end\">\n<div>\n<div id=\"mdEnviarPagina\" class=\"modal fade\" role=\"dialog\">\n<div class=\"modal-dialog\">\n<div class=\"modal-content\">\n<div class=\"modal-body\">\n<p><strong>Estimado usu\u00e1rio.<\/strong><br \/>Preencha o formul\u00e1rio abaixo para remeter a p\u00e1gina.<\/p>\n<\/p><\/div>\n<\/p><\/div>\n<\/p><\/div>\n<\/div><\/div>\n<\/p><\/div>\n<\/p><\/div>\n<\/p><\/div>\n<\/p><\/div>\n<\/p><\/div>\n<div class=\"row justify-content-md-center mt-3\">\n<div class=\"col-lg-auto col-image block-news-main-image\">\n<p>                                <img decoding=\"async\" src=\"https:\/\/www.agrolink.com.br\/upload\/imagens-resizes\/edff792cb467405daa03e97af8922152_858x483.jpg\" class=\"lazyload img-fluid\" alt=\"As importa\u00e7\u00f5es de milho devem recuar 300 mil toneladas\"\/><br \/>\n                                                <span class=\"d-block mt-1\">As importa\u00e7\u00f5es de milho devem recuar 300 mil toneladas &#8211; Foto: Leonardo Gottems<\/span><\/p><\/div>\n<\/p><\/div>\n<div class=\"section-description section-description-noticias mt-3\">\n<p>A produ\u00e7\u00e3o de <a href=\"https:\/\/www.agrolink.com.br\/culturas\/milho?utm_source=agrolink-detalhe-noticia&amp;utm_medium=detalhe-noticia&amp;utm_campaign=links-internos&#9;\" target=\"_blank\" rel=\"noopener\">milho<\/a> no Zimb\u00e1bue deve mais que dobrar no ano comercial de 2025-26, impulsionada por condi\u00e7\u00f5es clim\u00e1ticas mais favor\u00e1veis, segundo relat\u00f3rio do Servi\u00e7o Agr\u00edcola Estrangeiro (FAS) do Departamento de Agricultura dos Estados Unidos. A estimativa \u00e9 de que a colheita alcance 1,3 milh\u00e3o de toneladas, superando amplamente as 635 mil toneladas registradas no ciclo anterior, prejudicado pela seca. O FAS destacou que o desempenho desta safra foi favorecido por um padr\u00e3o clim\u00e1tico La Ni\u00f1a mais intenso na segunda metade do per\u00edodo produtivo.&#13;\n<\/p>\n<p>Com a recupera\u00e7\u00e3o da produ\u00e7\u00e3o, as importa\u00e7\u00f5es de milho devem recuar 300 mil toneladas em compara\u00e7\u00e3o ao ano anterior, totalizando 1 milh\u00e3o de toneladas em 2025-26. Apesar dessa redu\u00e7\u00e3o, o volume segue elevado em termos hist\u00f3ricos, j\u00e1 que a demanda dom\u00e9stica \u00e9 projetada em 2,2 milh\u00f5es de toneladas, um acr\u00e9scimo de 8% sobre o consumo de 2024-25. Grande parte das compras externas continuar\u00e1 vindo da \u00c1frica do Sul, que dever\u00e1 ter cerca de 1,5 milh\u00e3o de toneladas dispon\u00edveis para exporta\u00e7\u00e3o nesse mesmo per\u00edodo.<\/p>\n<p>Embora o milho seja o principal gr\u00e3o cultivado no Zimb\u00e1bue, os agricultores locais enfrentam diversos obst\u00e1culos, ressalta o FAS. A produ\u00e7\u00e3o \u00e9 dominada por agricultores comunit\u00e1rios, respons\u00e1veis por 60% da \u00e1rea plantada, mas que respondem por menos de 40% do volume total, devido \u00e0 baixa produtividade das lavouras.&#13;\n<\/p>\n<p>Segundo o FAS, mais de 90% da produ\u00e7\u00e3o depende exclusivamente das chuvas, j\u00e1 que o acesso a sistemas de irriga\u00e7\u00e3o ainda \u00e9 muito limitado. Al\u00e9m disso, a capacidade de expans\u00e3o da produ\u00e7\u00e3o \u00e9 contida por fatores macroecon\u00f4micos adversos e pelo alto custo de insumos, como combust\u00edvel e fertilizantes, o que restringe a competitividade e a efici\u00eancia do setor agr\u00edcola do pa\u00eds.<br \/>&#13;<br \/>\n\u00a0<\/p>\n<\/p><\/div>\n<\/p><\/div>\n<p><script data-cfasync=\"false\">\n    !function (f, b, e, v, n, t, s) {\n        if (f.fbq) return; n = f.fbq = function () {\n            n.callMethod ?\n                n.callMethod.apply(n, arguments) : n.queue.push(arguments)\n        };\n        if (!f._fbq) f._fbq = n; n.push = n; n.loaded = !0; n.version = '2.0';\n        n.queue = []; t = b.createElement(e); t.async = !0;\n        t.src = v; s = b.getElementsByTagName(e)[0];\n        s.parentNode.insertBefore(t, s)\n    }(window, document, 'script',\n        'https:\/\/connect.facebook.net\/en_US\/fbevents.js');\n    fbq('init', '522546078623747');\n    fbq('track', 'PageView');\n<\/script><br \/>\n<br \/><br \/>\n<br \/><a href=\"https:\/\/www.agrolink.com.br\/noticias\/producao-de-milho-do-zimbabue-deve-dobrar_503064.html\">Source link <\/a><\/p>\n","protected":false},"excerpt":{"rendered":"<p>&#13; As importa\u00e7\u00f5es de milho devem recuar 300 mil toneladas&#13; &#13; Agrolink&#13; &#13; &#8211; Leonardo Gottems&#13; &#13; Publicado em 19\/06\/2025<\/p>\n","protected":false},"author":1,"featured_media":12686,"comment_status":"open","ping_status":"open","sticky":false,"template":"","format":"standard","meta":{"_monsterinsights_skip_tracking":false,"_monsterinsights_sitenote_active":false,"_monsterinsights_sitenote_note":"","_monsterinsights_sitenote_category":0,"_uf_show_specific_survey":0,"_uf_disable_surveys":false,"footnotes":""},"categories":[8,1,14],"tags":[],"class_list":["post-15366","post","type-post","status-publish","format-standard","has-post-thumbnail","hentry","category-agro","category-news","category-politica-agro"],"_links":{"self":[{"href":"https:\/\/agromt.news\/index.php?rest_route=\/wp\/v2\/posts\/15366"}],"collection":[{"href":"https:\/\/agromt.news\/index.php?rest_route=\/wp\/v2\/posts"}],"about":[{"href":"https:\/\/agromt.news\/index.php?rest_route=\/wp\/v2\/types\/post"}],"author":[{"embeddable":true,"href":"https:\/\/agromt.news\/index.php?rest_route=\/wp\/v2\/users\/1"}],"replies":[{"embeddable":true,"href":"https:\/\/agromt.news\/index.php?rest_route=%2Fwp%2Fv2%2Fcomments&post=15366"}],"version-history":[{"count":0,"href":"https:\/\/agromt.news\/index.php?rest_route=\/wp\/v2\/posts\/15366\/revisions"}],"wp:featuredmedia":[{"embeddable":true,"href":"https:\/\/agromt.news\/index.php?rest_route=\/wp\/v2\/media\/12686"}],"wp:attachment":[{"href":"https:\/\/agromt.news\/index.php?rest_route=%2Fwp%2Fv2%2Fmedia&parent=15366"}],"wp:term":[{"taxonomy":"category","embeddable":true,"href":"https:\/\/agromt.news\/index.php?rest_route=%2Fwp%2Fv2%2Fcategories&post=15366"},{"taxonomy":"post_tag","embeddable":true,"href":"https:\/\/agromt.news\/index.php?rest_route=%2Fwp%2Fv2%2Ftags&post=15366"}],"curies":[{"name":"wp","href":"https:\/\/api.w.org\/{rel}","templated":true}]}}