{"id":15363,"date":"2025-06-20T19:51:17","date_gmt":"2025-06-20T23:51:17","guid":{"rendered":"https:\/\/agromt.news\/?p=15363"},"modified":"2025-06-20T19:51:17","modified_gmt":"2025-06-20T23:51:17","slug":"manchas-brancas-cuidado-com-o-oidio","status":"publish","type":"post","link":"https:\/\/agromt.news\/?p=15363","title":{"rendered":"Manchas brancas? Cuidado com o O\u00eddio!"},"content":{"rendered":"<p> <br \/>\n<\/p>\n<div>\n<div class=\"row\">\n<div class=\"col-lg col-infos mt-0 mt-lg-0\">\n<div class=\"section-sub-title\">\n<p itemprop=\"description\">&#13;<br \/>\n                                Os primeiros sinais do o\u00eddio costumam ser manchas esbranqui\u00e7adas&#13;\n                            <\/p>\n<\/p><\/div>\n<div class=\"container\">\n<div class=\"row\">\n<div class=\"col-lg p-0\">\n<div>\n<div class=\"block-news-main-infos mt-3 text-start\">\n<p>                                            <strong class=\"fn\" itemprop=\"author\" style=\"color: rgb(112, 112, 112); \">&#13;<br \/>\n                                                <a href=\"https:\/\/www.agrolink.com.br\/noticias\/javascript:;\" class=\"text-uppercase\" target=\"_blank\" style=\"color: rgb(112, 112, 112); \" rel=\"noopener\">Agrolink<\/a>&#13;<br \/>\n&#13;<br \/>\n                                                    &#8211; Leonardo Gottems&#13;<br \/>\n&#13;<br \/>\n                                            <\/strong><br \/>\n                                        <\/p>\n<p>                                            <abbr><time datetime=\"2025-06-20T06:54\" itemprop=\"datePublished dateModified\">Publicado em 20\/06\/2025 \u00e0s 06:54h.<\/time><\/abbr><br \/>\n                                            <\/p><\/div>\n<\/p><\/div>\n<\/p><\/div>\n<div class=\"col-lg p-0 text-lg-end\">\n<div>\n<div id=\"mdEnviarPagina\" class=\"modal fade\" role=\"dialog\">\n<div class=\"modal-dialog\">\n<div class=\"modal-content\">\n<div class=\"modal-body\">\n<p><strong>Estimado usu\u00e1rio.<\/strong><br \/>Preencha o formul\u00e1rio abaixo para remeter a p\u00e1gina.<\/p>\n<\/p><\/div>\n<\/p><\/div>\n<\/p><\/div>\n<\/div><\/div>\n<\/p><\/div>\n<\/p><\/div>\n<\/p><\/div>\n<\/p><\/div>\n<\/p><\/div>\n<div class=\"row justify-content-md-center mt-3\">\n<div class=\"col-lg-auto col-image block-news-main-image\">\n<p>                                <img decoding=\"async\" src=\"https:\/\/www.agrolink.com.br\/upload\/imagens-resizes\/d2cf4789475f45d7af4bc9d4184e5b27_858x483.jpg\" class=\"lazyload img-fluid\" alt=\"Os primeiros sinais do o\u00eddio costumam ser manchas esbranqui\u00e7adas com aspecto pulverulento\"\/><br \/>\n                                                <span class=\"d-block mt-1\">Os primeiros sinais do o\u00eddio costumam ser manchas esbranqui\u00e7adas com aspecto pulverulento &#8211; Foto: Nadia Borges<\/span><\/p><\/div>\n<\/p><\/div>\n<div class=\"section-description section-description-noticias mt-3\">\n<p>O o\u00eddio \u00e9 considerado um inimigo silencioso da produtividade na cultura da <a href=\"https:\/\/www.agrolink.com.br\/culturas\/soja?utm_source=agrolink-detalhe-noticia&amp;utm_medium=detalhe-noticia&amp;utm_campaign=links-internos\" target=\"_blank\" rel=\"noopener\">soja<\/a>, exigindo aten\u00e7\u00e3o redobrada dos produtores, segundo Isabella Rasteiro G\u00f3es, Assistente de Casa de Vegeta\u00e7\u00e3o na TMG &#8211; Tropical Melhoramento &amp; Gen\u00e9tica. Essa doen\u00e7a f\u00fangica, causada pelo Microsphaera diffusa, \u00e9 frequente em lavouras expostas a clima seco e temperaturas amenas, entre 18\u00b0C e 28\u00b0C, associando-se a baixa umidade e alta densidade de plantas.&#13;\n<\/p>\n<p>Os primeiros sinais do o\u00eddio costumam ser manchas esbranqui\u00e7adas com aspecto pulverulento, principalmente nas folhas mais velhas, conhecidas como baixeiras. Se n\u00e3o houver monitoramento e manejo adequado, essas les\u00f5es evoluem para desfolha precoce, redu\u00e7\u00e3o do vigor da planta e comprometimento do enchimento dos gr\u00e3os, resultando em perdas significativas na produtividade.<\/p>\n<p>Para prevenir e combater o avan\u00e7o da doen\u00e7a, Isabella destaca algumas pr\u00e1ticas essenciais: utilizar cultivares com resist\u00eancia gen\u00e9tica ao fungo, adotar aplica\u00e7\u00f5es de fungicidas tanto preventivos quanto curativos e ajustar o espa\u00e7amento das plantas para garantir melhor ventila\u00e7\u00e3o na \u00e1rea. Al\u00e9m disso, o monitoramento frequente \u00e9 indispens\u00e1vel para detectar precocemente os focos da doen\u00e7a e agir de forma eficaz.&#13;\n<\/p>\n<p>Caso o o\u00eddio n\u00e3o seja controlado a tempo, os preju\u00edzos podem comprometer o rendimento por planta e impactar diretamente a rentabilidade do produtor. Portanto, conhecer as condi\u00e7\u00f5es favor\u00e1veis ao desenvolvimento do fungo e manter uma rotina de manejo integrado s\u00e3o estrat\u00e9gias fundamentais para preservar o potencial produtivo da lavoura de soja. As informa\u00e7\u00f5es foram publicadas no LinkedIn.<br \/>&#13;<br \/>\n\u00a0<\/p>\n<\/p><\/div>\n<\/p><\/div>\n<p><script data-cfasync=\"false\">\n    !function (f, b, e, v, n, t, s) {\n        if (f.fbq) return; n = f.fbq = function () {\n            n.callMethod ?\n                n.callMethod.apply(n, arguments) : n.queue.push(arguments)\n        };\n        if (!f._fbq) f._fbq = n; n.push = n; n.loaded = !0; n.version = '2.0';\n        n.queue = []; t = b.createElement(e); t.async = !0;\n        t.src = v; s = b.getElementsByTagName(e)[0];\n        s.parentNode.insertBefore(t, s)\n    }(window, document, 'script',\n        'https:\/\/connect.facebook.net\/en_US\/fbevents.js');\n    fbq('init', '522546078623747');\n    fbq('track', 'PageView');\n<\/script><br \/>\n<br \/><br \/>\n<br \/><a href=\"https:\/\/www.agrolink.com.br\/noticias\/manchas-brancas--cuidado-com-o-oidio-_503067.html\">Source link <\/a><\/p>\n","protected":false},"excerpt":{"rendered":"<p>&#13; Os primeiros sinais do o\u00eddio costumam ser manchas esbranqui\u00e7adas&#13; &#13; Agrolink&#13; &#13; &#8211; Leonardo Gottems&#13; &#13; Publicado em 20\/06\/2025<\/p>\n","protected":false},"author":1,"featured_media":10749,"comment_status":"open","ping_status":"open","sticky":false,"template":"","format":"standard","meta":{"_monsterinsights_skip_tracking":false,"_monsterinsights_sitenote_active":false,"_monsterinsights_sitenote_note":"","_monsterinsights_sitenote_category":0,"_uf_show_specific_survey":0,"_uf_disable_surveys":false,"footnotes":""},"categories":[8,1,14],"tags":[],"class_list":["post-15363","post","type-post","status-publish","format-standard","has-post-thumbnail","hentry","category-agro","category-news","category-politica-agro"],"_links":{"self":[{"href":"https:\/\/agromt.news\/index.php?rest_route=\/wp\/v2\/posts\/15363"}],"collection":[{"href":"https:\/\/agromt.news\/index.php?rest_route=\/wp\/v2\/posts"}],"about":[{"href":"https:\/\/agromt.news\/index.php?rest_route=\/wp\/v2\/types\/post"}],"author":[{"embeddable":true,"href":"https:\/\/agromt.news\/index.php?rest_route=\/wp\/v2\/users\/1"}],"replies":[{"embeddable":true,"href":"https:\/\/agromt.news\/index.php?rest_route=%2Fwp%2Fv2%2Fcomments&post=15363"}],"version-history":[{"count":0,"href":"https:\/\/agromt.news\/index.php?rest_route=\/wp\/v2\/posts\/15363\/revisions"}],"wp:featuredmedia":[{"embeddable":true,"href":"https:\/\/agromt.news\/index.php?rest_route=\/wp\/v2\/media\/10749"}],"wp:attachment":[{"href":"https:\/\/agromt.news\/index.php?rest_route=%2Fwp%2Fv2%2Fmedia&parent=15363"}],"wp:term":[{"taxonomy":"category","embeddable":true,"href":"https:\/\/agromt.news\/index.php?rest_route=%2Fwp%2Fv2%2Fcategories&post=15363"},{"taxonomy":"post_tag","embeddable":true,"href":"https:\/\/agromt.news\/index.php?rest_route=%2Fwp%2Fv2%2Ftags&post=15363"}],"curies":[{"name":"wp","href":"https:\/\/api.w.org\/{rel}","templated":true}]}}