{"id":15354,"date":"2025-06-20T16:46:26","date_gmt":"2025-06-20T20:46:26","guid":{"rendered":"https:\/\/agromt.news\/?p=15354"},"modified":"2025-06-20T16:46:26","modified_gmt":"2025-06-20T20:46:26","slug":"nufarm-retoma-operacoes-no-pais-e-anuncia-lancamento-de-15-produtos-agricolas","status":"publish","type":"post","link":"https:\/\/agromt.news\/?p=15354","title":{"rendered":"Nufarm retoma opera\u00e7\u00f5es no pa\u00eds e anuncia lan\u00e7amento de 15 produtos agr\u00edcolas"},"content":{"rendered":"<p> <br \/>\n<br \/><img decoding=\"async\" src=\"https:\/\/agromt.news\/wp-content\/uploads\/2025\/06\/Nufarm-retoma-operacoes-no-pais-e-anuncia-lancamento-de-15.jpeg\" \/><\/p>\n<div>\n<p>Ap\u00f3s quatro anos fora do mercado brasileiro de <strong><a href=\"http:\/\/www.canalrural.com.br\/tag\/defensivos-agricolas\/\">defensivos agr\u00edcolas<\/a><\/strong>, a multinacional Nufarm retoma suas opera\u00e7\u00f5es no pa\u00eds com um novo posicionamento. A empresa passa a oferecer solu\u00e7\u00f5es integradas que combinam prote\u00e7\u00e3o de plantas e sementes, com foco em inova\u00e7\u00e3o e sustentabilidade.<\/p>\n<p>A opera\u00e7\u00e3o no Brasil ser\u00e1 refor\u00e7ada com o lan\u00e7amento de aproximadamente 15 novos produtos nos pr\u00f3ximos cinco anos. O portf\u00f3lio ter\u00e1 como foco as culturas de soja, milho, algod\u00e3o, cana-de-a\u00e7\u00facar, sorgo, canola e carinata (utilizada na produ\u00e7\u00e3o de biocombust\u00edveis), entre outras.<\/p>\n<p>A trajet\u00f3ria da Nufarm no Brasil come\u00e7ou em 2002, com a aquisi\u00e7\u00e3o da Agripec Qu\u00edmica e Farmac\u00eautica S.A. Desde ent\u00e3o, a empresa consolidou sua atua\u00e7\u00e3o e chegou \u00e0 s\u00e9tima posi\u00e7\u00e3o entre as maiores do setor de defensivos agr\u00edcolas no pa\u00eds, alcan\u00e7ando faturamento de US$ 504 milh\u00f5es. Em 2019, vendeu seus ativos na Am\u00e9rica do Sul \u00e0 japonesa Sumitomo Chemical como parte de uma estrat\u00e9gia global.<\/p>\n<\/div>\n<div>\n<p>De acordo com Fernando Arantes Pereira, l\u00edder de portf\u00f3lio da Nufarm no Brasil, a nova fase da companhia integra o neg\u00f3cio de sementes da Nuseed, oferecendo ao mercado um pacote completo. \u201cA Nufarm Prote\u00e7\u00e3o de Cultivos retorna ao pa\u00eds incorporando o bra\u00e7o de sementes e passando a oferecer solu\u00e7\u00f5es completas para os agricultores brasileiros\u201d, diz.<\/p>\n<p>Carlos Balbi, diretor-geral da Nufarm Seeds, afirma que a decis\u00e3o de unificar as opera\u00e7\u00f5es est\u00e1 alinhada \u00e0 necessidade dos produtores de enfrentar desafios como aumento de custos, mudan\u00e7as clim\u00e1ticas e demanda por maior efici\u00eancia. \u201cA Nufarm Crop Protection e a Nuseed est\u00e3o evoluindo juntas, reunindo prote\u00e7\u00e3o de cultivos e sementes sob uma marca unificada\u201d.<\/p>\n<p>Como parte do novo posicionamento, a Nufarm lan\u00e7a no Brasil seu primeiro produto biol\u00f3gico: o Evolvance, desenvolvido para o manejo de nematoides que afetam culturas como soja, milho e algod\u00e3o. O produto marca a entrada da empresa em uma nova fase, voltada ao desenvolvimento de tecnologias inovadoras e sustent\u00e1veis, al\u00e9m dos tradicionais p\u00f3s-patentes que compunham seu portf\u00f3lio anterior.<\/p>\n<\/p><\/div>\n<p><br \/>\n<br \/><a href=\"https:\/\/www.canalrural.com.br\/agricultura\/nufarm-retoma-operacoes-no-pais-e-anuncia-lancamento-de-15-produtos-agricolas\/\">Source link <\/a><\/p>\n","protected":false},"excerpt":{"rendered":"<p>Ap\u00f3s quatro anos fora do mercado brasileiro de defensivos agr\u00edcolas, a multinacional Nufarm retoma suas opera\u00e7\u00f5es no pa\u00eds com um<\/p>\n","protected":false},"author":1,"featured_media":15355,"comment_status":"open","ping_status":"open","sticky":false,"template":"","format":"standard","meta":{"_monsterinsights_skip_tracking":false,"_monsterinsights_sitenote_active":false,"_monsterinsights_sitenote_note":"","_monsterinsights_sitenote_category":0,"_uf_show_specific_survey":0,"_uf_disable_surveys":false,"footnotes":""},"categories":[1],"tags":[],"class_list":["post-15354","post","type-post","status-publish","format-standard","has-post-thumbnail","hentry","category-news"],"_links":{"self":[{"href":"https:\/\/agromt.news\/index.php?rest_route=\/wp\/v2\/posts\/15354"}],"collection":[{"href":"https:\/\/agromt.news\/index.php?rest_route=\/wp\/v2\/posts"}],"about":[{"href":"https:\/\/agromt.news\/index.php?rest_route=\/wp\/v2\/types\/post"}],"author":[{"embeddable":true,"href":"https:\/\/agromt.news\/index.php?rest_route=\/wp\/v2\/users\/1"}],"replies":[{"embeddable":true,"href":"https:\/\/agromt.news\/index.php?rest_route=%2Fwp%2Fv2%2Fcomments&post=15354"}],"version-history":[{"count":0,"href":"https:\/\/agromt.news\/index.php?rest_route=\/wp\/v2\/posts\/15354\/revisions"}],"wp:featuredmedia":[{"embeddable":true,"href":"https:\/\/agromt.news\/index.php?rest_route=\/wp\/v2\/media\/15355"}],"wp:attachment":[{"href":"https:\/\/agromt.news\/index.php?rest_route=%2Fwp%2Fv2%2Fmedia&parent=15354"}],"wp:term":[{"taxonomy":"category","embeddable":true,"href":"https:\/\/agromt.news\/index.php?rest_route=%2Fwp%2Fv2%2Fcategories&post=15354"},{"taxonomy":"post_tag","embeddable":true,"href":"https:\/\/agromt.news\/index.php?rest_route=%2Fwp%2Fv2%2Ftags&post=15354"}],"curies":[{"name":"wp","href":"https:\/\/api.w.org\/{rel}","templated":true}]}}