{"id":15345,"date":"2025-06-20T12:20:28","date_gmt":"2025-06-20T16:20:28","guid":{"rendered":"https:\/\/agromt.news\/?p=15345"},"modified":"2025-06-20T12:20:28","modified_gmt":"2025-06-20T16:20:28","slug":"precos-seguem-firmes-frente-a-baixa-oferta","status":"publish","type":"post","link":"https:\/\/agromt.news\/?p=15345","title":{"rendered":"pre\u00e7os seguem firmes frente \u00e0 baixa oferta"},"content":{"rendered":"<p> <br \/>\n<br \/><img decoding=\"async\" src=\"https:\/\/agromt.news\/wp-content\/uploads\/2025\/03\/precos-da-arroba-atravessam-o-mes-em-condicoes-estaveis.jpg\" \/><\/p>\n<div>\n<p>Desde o in\u00edcio de junho, o mercado pecu\u00e1rio como um todo tem se mantido firme. \u00c9 isso que apontam os dados do <a href=\"https:\/\/www.canalrural.com.br\/tag\/cepea\/\">Centro de Estudos Avan\u00e7ados em Economia Aplicada (Cepea)<\/a>.<\/p>\n<p>De acordo com o instituto, os reajustes n\u00e3o s\u00e3o intensos, mas frequentes. A oferta \u00e9 relativamente baixa, e, para preencher as escalas, os frigor\u00edficos precisam ajustar os pre\u00e7os. Pesquisadores explicam que pecuaristas seguem na expectativa de novas altas ap\u00f3s o feriado e negociam aos poucos.\u00a0<\/p>\n<\/div>\n<div>\n<p>Come\u00e7a a aumentar as vendas de gado de confinamento, e esses animais, em lotes mais padronizados e com bom acabamento, alcan\u00e7am valores maiores. O ritmo de embarques est\u00e1 mais acelerado que em maio, o que ajuda a explicar os pre\u00e7os firmes tanto dos animais para abate quanto da carne no atacado nacional.\u00a0<\/p>\n<p>O volume exportado por dia aumentou 13% em rela\u00e7\u00e3o ao m\u00eas passado, subindo para a m\u00e9dia de 11,7 mil toneladas de carne in natura. Em junho\/24, a m\u00e9dia di\u00e1ria foi de 9,6 mil toneladas, ou seja, o desempenho dessa parcial do m\u00eas est\u00e1 quase 22% maior, conforme dados da Secex analisados pelo Cepea.<\/p>\n<p><em>*Sob supervis\u00e3o de Luis Roberto Toledo<\/em><\/p>\n<\/p><\/div>\n<p><br \/>\n<br \/><a href=\"https:\/\/www.canalrural.com.br\/pecuaria\/carne-bovina-precos-seguem-firmes-frente-a-baixa-oferta\/\">Source link <\/a><\/p>\n","protected":false},"excerpt":{"rendered":"<p>Desde o in\u00edcio de junho, o mercado pecu\u00e1rio como um todo tem se mantido firme. \u00c9 isso que apontam os<\/p>\n","protected":false},"author":1,"featured_media":11562,"comment_status":"open","ping_status":"open","sticky":false,"template":"","format":"standard","meta":{"_monsterinsights_skip_tracking":false,"_monsterinsights_sitenote_active":false,"_monsterinsights_sitenote_note":"","_monsterinsights_sitenote_category":0,"_uf_show_specific_survey":0,"_uf_disable_surveys":false,"footnotes":""},"categories":[1],"tags":[],"class_list":["post-15345","post","type-post","status-publish","format-standard","has-post-thumbnail","hentry","category-news"],"_links":{"self":[{"href":"https:\/\/agromt.news\/index.php?rest_route=\/wp\/v2\/posts\/15345"}],"collection":[{"href":"https:\/\/agromt.news\/index.php?rest_route=\/wp\/v2\/posts"}],"about":[{"href":"https:\/\/agromt.news\/index.php?rest_route=\/wp\/v2\/types\/post"}],"author":[{"embeddable":true,"href":"https:\/\/agromt.news\/index.php?rest_route=\/wp\/v2\/users\/1"}],"replies":[{"embeddable":true,"href":"https:\/\/agromt.news\/index.php?rest_route=%2Fwp%2Fv2%2Fcomments&post=15345"}],"version-history":[{"count":0,"href":"https:\/\/agromt.news\/index.php?rest_route=\/wp\/v2\/posts\/15345\/revisions"}],"wp:featuredmedia":[{"embeddable":true,"href":"https:\/\/agromt.news\/index.php?rest_route=\/wp\/v2\/media\/11562"}],"wp:attachment":[{"href":"https:\/\/agromt.news\/index.php?rest_route=%2Fwp%2Fv2%2Fmedia&parent=15345"}],"wp:term":[{"taxonomy":"category","embeddable":true,"href":"https:\/\/agromt.news\/index.php?rest_route=%2Fwp%2Fv2%2Fcategories&post=15345"},{"taxonomy":"post_tag","embeddable":true,"href":"https:\/\/agromt.news\/index.php?rest_route=%2Fwp%2Fv2%2Ftags&post=15345"}],"curies":[{"name":"wp","href":"https:\/\/api.w.org\/{rel}","templated":true}]}}