{"id":15339,"date":"2025-06-20T11:31:07","date_gmt":"2025-06-20T15:31:07","guid":{"rendered":"https:\/\/agromt.news\/?p=15339"},"modified":"2025-06-20T11:31:07","modified_gmt":"2025-06-20T15:31:07","slug":"frente-fria-vai-trazer-chuva-geada-ampla-e-neve-diz-inmet-saiba-quando-e-onde","status":"publish","type":"post","link":"https:\/\/agromt.news\/?p=15339","title":{"rendered":"Frente fria vai trazer chuva, geada ampla e neve, diz Inmet; saiba quando e onde"},"content":{"rendered":"<p> <br \/>\n<br \/><img decoding=\"async\" src=\"https:\/\/agromt.news\/wp-content\/uploads\/2025\/06\/Frente-fria-vai-trazer-chuva-geada-ampla-e-neve-diz.jpg\" \/><\/p>\n<div>\n<p>Na pr\u00f3xima segunda feira (23) uma frente fria deve atuar sobre \u00e1reas do Sul do Brasil. Segundo o Instituto Nacional de Meteorologia<strong><a href=\"http:\/\/www.canalrural.com.br\/tag\/inmet\/\"> (Inmet)<\/a><\/strong>, esse sistema deve provocar chuvas em \u00e1reas entre o norte do Rio Grande do Sul, Santa Catarina, Paran\u00e1 e o sul de Mato Grosso do Sul e faixa sul de S\u00e3o Paulo.<\/p>\n<p>Localmente, n\u00e3o s\u00e3o descartadas chuvas fortes nessas \u00e1reas, especialmente entre o norte do Rio Grande do Sul e do Paran\u00e1.<\/p>\n<p>Al\u00e9m das chuvas, o sistema deve derrubar as temperaturas na regi\u00e3o Sul e \u00e1reas de Mato Grosso do Sul j\u00e1 pela manh\u00e3 da segunda. Segundo o Inmet, no decorrer do dia, a queda de temperatura deve atingir \u00e1reas de S\u00e3o Paulo, sul do Rio de Janeiro, sudoeste de Mato Grosso e at\u00e9 \u00e1reas do sul de Rond\u00f4nia e do Acre, evidenciando mais um epis\u00f3dio de friagem (quarta do ano).<\/p>\n<p>O frio intenso e a condi\u00e7\u00e3o para chuva mant\u00eam a expectativa de ocorr\u00eancia de neve, mesmo que localizada, nas \u00e1reas das serras ga\u00facha e catarinense, na noite de segunda.<\/p>\n<\/div>\n<div>\n<p>O frio se intensificar\u00e1 na ter\u00e7a-feira (24). Na madrugada e in\u00edcio da manh\u00e3 desse dia, o Inmet prev\u00ea que haver\u00e1 condi\u00e7\u00f5es para geada ampla nos tr\u00eas estados do Sul, geada com intensidade variando de moderada a forte na serra ga\u00facha, \u00e1reas de Santa Catarina e sul do Paran\u00e1. A geada tamb\u00e9m chega ao sul de Mato Grosso do Sul e ao sudoeste e sul de S\u00e3o Paulo.<\/p>\n<p>A condi\u00e7\u00e3o de geada deve permanecer na quarta-feira (25) nessas mesmas \u00e1reas. A queda de temperatura dever\u00e1 ser sentida na faixa sul de Goi\u00e1s; Tri\u00e2ngulo, Zona da Mata e sul de Minas Gerais; e em todo o Rio de Janeiro e sul do Esp\u00edrito Santo.<\/p>\n<p>A partir desse dia, apesar do frio e da condi\u00e7\u00e3o de geada fraca a moderada no Sul, a massa fria come\u00e7a a perder for\u00e7a gradativamente.<\/p>\n<p>Em fun\u00e7\u00e3o da anteced\u00eancia e das diferen\u00e7as entre os modelos num\u00e9ricos de previs\u00e3o, o Inmet recomenda acompanhar as atualiza\u00e7\u00f5es da previs\u00e3o e dos avisos meteorol\u00f3gicos do instituto.<\/p>\n<\/p><\/div>\n<p><br \/>\n<br \/><a href=\"https:\/\/www.canalrural.com.br\/diversos\/frente-fria-vai-trazer-chuva-geada-ampla-e-neve-diz-inmet-saiba-quando-e-onde\/\">Source link <\/a><\/p>\n","protected":false},"excerpt":{"rendered":"<p>Na pr\u00f3xima segunda feira (23) uma frente fria deve atuar sobre \u00e1reas do Sul do Brasil. Segundo o Instituto Nacional<\/p>\n","protected":false},"author":1,"featured_media":15340,"comment_status":"open","ping_status":"open","sticky":false,"template":"","format":"standard","meta":{"_monsterinsights_skip_tracking":false,"_monsterinsights_sitenote_active":false,"_monsterinsights_sitenote_note":"","_monsterinsights_sitenote_category":0,"_uf_show_specific_survey":0,"_uf_disable_surveys":false,"footnotes":""},"categories":[1],"tags":[],"class_list":["post-15339","post","type-post","status-publish","format-standard","has-post-thumbnail","hentry","category-news"],"_links":{"self":[{"href":"https:\/\/agromt.news\/index.php?rest_route=\/wp\/v2\/posts\/15339"}],"collection":[{"href":"https:\/\/agromt.news\/index.php?rest_route=\/wp\/v2\/posts"}],"about":[{"href":"https:\/\/agromt.news\/index.php?rest_route=\/wp\/v2\/types\/post"}],"author":[{"embeddable":true,"href":"https:\/\/agromt.news\/index.php?rest_route=\/wp\/v2\/users\/1"}],"replies":[{"embeddable":true,"href":"https:\/\/agromt.news\/index.php?rest_route=%2Fwp%2Fv2%2Fcomments&post=15339"}],"version-history":[{"count":0,"href":"https:\/\/agromt.news\/index.php?rest_route=\/wp\/v2\/posts\/15339\/revisions"}],"wp:featuredmedia":[{"embeddable":true,"href":"https:\/\/agromt.news\/index.php?rest_route=\/wp\/v2\/media\/15340"}],"wp:attachment":[{"href":"https:\/\/agromt.news\/index.php?rest_route=%2Fwp%2Fv2%2Fmedia&parent=15339"}],"wp:term":[{"taxonomy":"category","embeddable":true,"href":"https:\/\/agromt.news\/index.php?rest_route=%2Fwp%2Fv2%2Fcategories&post=15339"},{"taxonomy":"post_tag","embeddable":true,"href":"https:\/\/agromt.news\/index.php?rest_route=%2Fwp%2Fv2%2Ftags&post=15339"}],"curies":[{"name":"wp","href":"https:\/\/api.w.org\/{rel}","templated":true}]}}