{"id":15337,"date":"2025-06-20T10:19:44","date_gmt":"2025-06-20T14:19:44","guid":{"rendered":"https:\/\/agromt.news\/?p=15337"},"modified":"2025-06-20T10:19:44","modified_gmt":"2025-06-20T14:19:44","slug":"inverno-no-rs-tera-geadas-frio-intenso-e-mais-chuva-veja-previsao","status":"publish","type":"post","link":"https:\/\/agromt.news\/?p=15337","title":{"rendered":"Inverno no RS ter\u00e1 geadas, frio intenso e&#8230; mais chuva! Veja previs\u00e3o"},"content":{"rendered":"<p> <br \/>\n<br \/><img decoding=\"async\" src=\"https:\/\/agromt.news\/wp-content\/uploads\/2025\/06\/Inverno-no-RS-tera-geadas-frio-intenso-e-mais-chuva.jpg\" \/><\/p>\n<div>\n<p>O inverno de 2025 no <strong><a href=\"https:\/\/www.canalrural.com.br\/nacional\/rio-grande-do-sul\/\">Rio Grande do Sul<\/a><\/strong> ser\u00e1 marcado por geadas, nevoeiros, frio intenso e chuvas regulares. A previs\u00e3o \u00e9 de uma esta\u00e7\u00e3o t\u00edpica, sem influ\u00eancia de El Ni\u00f1o ou La Ni\u00f1a, com avan\u00e7o de frentes frias e massas de ar polar que devem provocar queda nas temperaturas em v\u00e1rias regi\u00f5es do estado. H\u00e1 tamb\u00e9m possibilidade de neve em pontos isolados.<\/p>\n<p>A esta\u00e7\u00e3o come\u00e7a \u00e0s 23h42 desta sexta-feira (20) e se estende at\u00e9 \u00e0s 15h19 do dia 22 de setembro. <\/p>\n<p>Segundo Fl\u00e1vio Varone, meteorologista da Secretaria da Agricultura, Pecu\u00e1ria, Produ\u00e7\u00e3o Sustent\u00e1vel e Irriga\u00e7\u00e3o (Seapi) e coordenador do Sistema de Monitoramento e Alertas Agroclim\u00e1ticos (Simagro-RS), o per\u00edodo deve seguir dentro da normalidade clim\u00e1tica para o estado.<\/p>\n<p>Segundo Varone, n\u00e3o h\u00e1 previs\u00e3o de atua\u00e7\u00e3o de fen\u00f4menos globais como El Ni\u00f1o ou La Ni\u00f1a entre julho e setembro. \u201cA tend\u00eancia \u00e9 de um segundo semestre dentro da normalidade, um inverno t\u00edpico do Rio Grande do Sul\u201d, afirma.<\/p>\n<h3 class=\"wp-block-heading\" id=\"h-chuva-favorece-culturas-e-reservatorios\">Chuva favorece culturas e reservat\u00f3rios<\/h3>\n<p>O modelo regional do Simagro aponta que <strong>julho <\/strong>ter\u00e1 chuvas pr\u00f3ximas da m\u00e9dia hist\u00f3rica em todo o estado. Essa condi\u00e7\u00e3o deve beneficiar as culturas de inverno, como trigo, canola, aveia e cevada.<\/p>\n<\/div>\n<div>\n<p>Para <strong>agosto<\/strong>, a previs\u00e3o indica volumes de chuva acima da m\u00e9dia em grande parte do territ\u00f3rio ga\u00facho, o que pode contribuir para a recupera\u00e7\u00e3o dos reservat\u00f3rios na Fronteira Oeste e na Campanha, \u00e1reas afetadas pela estiagem do ver\u00e3o. J\u00e1 na faixa Norte, a expectativa \u00e9 de chuvas ligeiramente abaixo da m\u00e9dia, sem impacto expressivo.<\/p>\n<p>Em <strong>setembro<\/strong>, os volumes de chuva tendem a diminuir. \u201cA gente espera precipita\u00e7\u00f5es abaixo da normalidade para praticamente todo o estado\u201d, destaca o meteorologista.<\/p>\n<h3 class=\"wp-block-heading\" id=\"h-frio-mais-intenso-na-metade-oeste\">Frio mais intenso na metade Oeste<\/h3>\n<p>As temperaturas m\u00e9dias de julho e agosto devem ficar abaixo da m\u00e9dia em regi\u00f5es como Fronteira Oeste, Miss\u00f5es e parte da Campanha. J\u00e1 no Litoral ga\u00facho, os term\u00f4metros devem registrar valores mais pr\u00f3ximos da normalidade, com possibilidade de ligeiro aquecimento em alguns pontos.<\/p>\n<p>Em setembro, o frio deve predominar. A tend\u00eancia \u00e9 de temperaturas abaixo da m\u00e9dia em todo o estado, com destaque para a metade Oeste e Campanha. Regi\u00f5es do Leste, tradicionalmente mais amenas, devem ter temperaturas pr\u00f3ximas ou ligeiramente abaixo da m\u00e9dia hist\u00f3rica.<\/p>\n<p>A previs\u00e3o do Simagro refor\u00e7a a import\u00e2ncia de monitoramento constante para as atividades agropecu\u00e1rias durante a esta\u00e7\u00e3o, especialmente diante do risco de geadas e varia\u00e7\u00f5es t\u00e9rmicas que podem impactar o desenvolvimento das lavouras de inverno.<\/p>\n<\/p><\/div>\n<p><br \/>\n<br \/><a href=\"https:\/\/www.canalrural.com.br\/diversos\/inverno-no-rs-tera-geadas-frio-intenso-e-mais-chuva-veja-previsao\/\">Source link <\/a><\/p>\n","protected":false},"excerpt":{"rendered":"<p>O inverno de 2025 no Rio Grande do Sul ser\u00e1 marcado por geadas, nevoeiros, frio intenso e chuvas regulares. A<\/p>\n","protected":false},"author":1,"featured_media":15338,"comment_status":"open","ping_status":"open","sticky":false,"template":"","format":"standard","meta":{"_monsterinsights_skip_tracking":false,"_monsterinsights_sitenote_active":false,"_monsterinsights_sitenote_note":"","_monsterinsights_sitenote_category":0,"_uf_show_specific_survey":0,"_uf_disable_surveys":false,"footnotes":""},"categories":[1],"tags":[],"class_list":["post-15337","post","type-post","status-publish","format-standard","has-post-thumbnail","hentry","category-news"],"_links":{"self":[{"href":"https:\/\/agromt.news\/index.php?rest_route=\/wp\/v2\/posts\/15337"}],"collection":[{"href":"https:\/\/agromt.news\/index.php?rest_route=\/wp\/v2\/posts"}],"about":[{"href":"https:\/\/agromt.news\/index.php?rest_route=\/wp\/v2\/types\/post"}],"author":[{"embeddable":true,"href":"https:\/\/agromt.news\/index.php?rest_route=\/wp\/v2\/users\/1"}],"replies":[{"embeddable":true,"href":"https:\/\/agromt.news\/index.php?rest_route=%2Fwp%2Fv2%2Fcomments&post=15337"}],"version-history":[{"count":0,"href":"https:\/\/agromt.news\/index.php?rest_route=\/wp\/v2\/posts\/15337\/revisions"}],"wp:featuredmedia":[{"embeddable":true,"href":"https:\/\/agromt.news\/index.php?rest_route=\/wp\/v2\/media\/15338"}],"wp:attachment":[{"href":"https:\/\/agromt.news\/index.php?rest_route=%2Fwp%2Fv2%2Fmedia&parent=15337"}],"wp:term":[{"taxonomy":"category","embeddable":true,"href":"https:\/\/agromt.news\/index.php?rest_route=%2Fwp%2Fv2%2Fcategories&post=15337"},{"taxonomy":"post_tag","embeddable":true,"href":"https:\/\/agromt.news\/index.php?rest_route=%2Fwp%2Fv2%2Ftags&post=15337"}],"curies":[{"name":"wp","href":"https:\/\/api.w.org\/{rel}","templated":true}]}}