{"id":15331,"date":"2025-06-20T08:04:56","date_gmt":"2025-06-20T12:04:56","guid":{"rendered":"https:\/\/agromt.news\/?p=15331"},"modified":"2025-06-20T08:04:56","modified_gmt":"2025-06-20T12:04:56","slug":"quem-entender-isso-vai-liderar-o-agro","status":"publish","type":"post","link":"https:\/\/agromt.news\/?p=15331","title":{"rendered":"\u201cQuem entender isso vai liderar o agro\u201d"},"content":{"rendered":"<p> <br \/>\n<\/p>\n<div>\n<p>O pedido de Recupera\u00e7\u00e3o Extrajudicial feito pela Lavoro Agro \u00a0representa, na an\u00e1lise de Julia Guerra, Especialista em Gest\u00e3o de Riscos, Planejamento e Execu\u00e7\u00e3o de Projetos, um movimento estrat\u00e9gico para proteger fornecedores, garantir o abastecimento do produtor e reorganizar a sa\u00fade financeira da empresa sem interromper suas opera\u00e7\u00f5es.\u00a0&#13;\n<\/p>\n<p>\u201cHoje, o mercado ainda digere o impacto. Amanh\u00e3, outros players v\u00e3o repensar sua estrutura \u2014 ou ser\u00e3o tragados. A decis\u00e3o da Lavoro Agro, foi estrat\u00e9gica: proteger fornecedores, manter o produtor abastecido e reorganizar sua sa\u00fade financeira sem paralisar a opera\u00e7\u00e3o\u201d, comenta.<\/p>\n<p>O agro brasileiro, segundo ela, ainda operando com modelos de cr\u00e9dito e gest\u00e3o herdados de cinco ou mais anos atr\u00e1s, enfrenta hoje uma press\u00e3o in\u00e9dita: custos de capital de giro elevados pela taxa real ainda alta, margens cada vez mais apertadas entre multinacionais, distribuidores e revendas, produtores mais tecnificados e, consequentemente, mais alavancados e expostos \u2014 al\u00e9m de um risco sist\u00eamico na cadeia que continua subestimado.&#13;\n<\/p>\n<p>Na avalia\u00e7\u00e3o de Julia, a atitude da Lavoro n\u00e3o \u00e9 sinal de fraqueza, mas de intelig\u00eancia adaptativa. Ao reconhecer que o jogo mudou, a empresa se antecipa a um cen\u00e1rio em que s\u00f3 sobreviver\u00e1 quem entender as novas regras. Diante disso, institui\u00e7\u00f5es financeiras, seguradoras, resseguradoras, fundos, tradings e cooperativas precisam refletir se est\u00e3o apenas financiando ou realmente gerenciando os riscos de uma cadeia que sustenta boa parte da economia brasileira.\u00a0<\/p>\n<p>O agro que expande a 3% ao ano n\u00e3o pode mais operar com premissas de gest\u00e3o e precifica\u00e7\u00e3o do s\u00e9culo passado. Para Julia Guerra, quem assimilar essa realidade mais r\u00e1pido liderar\u00e1 a pr\u00f3xima d\u00e9cada do agroneg\u00f3cio nacional.<\/p>\n<\/p><\/div>\n<p><script data-cfasync=\"false\">\n    !function (f, b, e, v, n, t, s) {\n        if (f.fbq) return; n = f.fbq = function () {\n            n.callMethod ?\n                n.callMethod.apply(n, arguments) : n.queue.push(arguments)\n        };\n        if (!f._fbq) f._fbq = n; n.push = n; n.loaded = !0; n.version = '2.0';\n        n.queue = []; t = b.createElement(e); t.async = !0;\n        t.src = v; s = b.getElementsByTagName(e)[0];\n        s.parentNode.insertBefore(t, s)\n    }(window, document, 'script',\n        'https:\/\/connect.facebook.net\/en_US\/fbevents.js');\n    fbq('init', '522546078623747');\n    fbq('track', 'PageView');\n<\/script><br \/>\n<br \/><br \/>\n<br \/><a href=\"https:\/\/www.agrolink.com.br\/noticias\/-quem-entender-isso-vai-liderar-o-agro-_503073.html\">Source link <\/a><\/p>\n","protected":false},"excerpt":{"rendered":"<p>O pedido de Recupera\u00e7\u00e3o Extrajudicial feito pela Lavoro Agro \u00a0representa, na an\u00e1lise de Julia Guerra, Especialista em Gest\u00e3o de Riscos,<\/p>\n","protected":false},"author":1,"featured_media":3218,"comment_status":"open","ping_status":"open","sticky":false,"template":"","format":"standard","meta":{"_monsterinsights_skip_tracking":false,"_monsterinsights_sitenote_active":false,"_monsterinsights_sitenote_note":"","_monsterinsights_sitenote_category":0,"_uf_show_specific_survey":0,"_uf_disable_surveys":false,"footnotes":""},"categories":[8,1,14],"tags":[],"class_list":["post-15331","post","type-post","status-publish","format-standard","has-post-thumbnail","hentry","category-agro","category-news","category-politica-agro"],"_links":{"self":[{"href":"https:\/\/agromt.news\/index.php?rest_route=\/wp\/v2\/posts\/15331"}],"collection":[{"href":"https:\/\/agromt.news\/index.php?rest_route=\/wp\/v2\/posts"}],"about":[{"href":"https:\/\/agromt.news\/index.php?rest_route=\/wp\/v2\/types\/post"}],"author":[{"embeddable":true,"href":"https:\/\/agromt.news\/index.php?rest_route=\/wp\/v2\/users\/1"}],"replies":[{"embeddable":true,"href":"https:\/\/agromt.news\/index.php?rest_route=%2Fwp%2Fv2%2Fcomments&post=15331"}],"version-history":[{"count":0,"href":"https:\/\/agromt.news\/index.php?rest_route=\/wp\/v2\/posts\/15331\/revisions"}],"wp:featuredmedia":[{"embeddable":true,"href":"https:\/\/agromt.news\/index.php?rest_route=\/wp\/v2\/media\/3218"}],"wp:attachment":[{"href":"https:\/\/agromt.news\/index.php?rest_route=%2Fwp%2Fv2%2Fmedia&parent=15331"}],"wp:term":[{"taxonomy":"category","embeddable":true,"href":"https:\/\/agromt.news\/index.php?rest_route=%2Fwp%2Fv2%2Fcategories&post=15331"},{"taxonomy":"post_tag","embeddable":true,"href":"https:\/\/agromt.news\/index.php?rest_route=%2Fwp%2Fv2%2Ftags&post=15331"}],"curies":[{"name":"wp","href":"https:\/\/api.w.org\/{rel}","templated":true}]}}