{"id":1533,"date":"2024-09-13T11:01:11","date_gmt":"2024-09-13T15:01:11","guid":{"rendered":"https:\/\/agromt.news\/?p=1533"},"modified":"2024-09-13T11:01:11","modified_gmt":"2024-09-13T15:01:11","slug":"e-cedo-para-falar-em-risco-de-inflacao-de-alimentos-por-atraso-no-plantio","status":"publish","type":"post","link":"https:\/\/agromt.news\/?p=1533","title":{"rendered":"\u00c9 cedo para falar em risco de infla\u00e7\u00e3o de alimentos por atraso no plantio"},"content":{"rendered":"<p> <br \/>\n<br \/><img decoding=\"async\" src=\"https:\/\/agromt.news\/wp-content\/uploads\/2024\/09\/E-cedo-para-falar-em-risco-de-inflacao-de-alimentos.jpg\" \/><\/p>\n<div>\n<p>O ministro da Agricultura, Carlos F\u00e1varo, minimizou eventuais riscos de infla\u00e7\u00e3o de alimentos em virtude de o plantio da safra de soja 2024\/25 n\u00e3o ter sido iniciado ainda. \u201cEstamos ainda dentro do per\u00edodo h\u00e1bil de plantio, saindo do vazio sanit\u00e1rio. N\u00e3o h\u00e1 nenhum atraso e o per\u00edodo de chuva est\u00e1 dentro do calend\u00e1rio ideal, com previs\u00e3o de chuvas em outubro\u201d, disse o ministro nesta quinta-feira (12), em coletiva de imprensa nos bastidores das reuni\u00f5es ministeriais do grupo de trabalho de Agricultura do <strong><a href=\"https:\/\/eventos.canalrural.com.br\/fiap\">G20 Brasil<\/a><\/strong>.<\/p>\n<p><em>Confira na palma da m\u00e3o informa\u00e7\u00f5es quentes sobre agricultura, pecu\u00e1ria, economia e previs\u00e3o do tempo:<\/em><a href=\"https:\/\/www.whatsapp.com\/channel\/0029Va9VnZxGk1FplZjiW43k\"><em> <\/em><strong>siga o Canal Rural no WhatsApp<\/strong><\/a>!<\/p>\n<p>Segundo o ministro, at\u00e9 o momento n\u00e3o h\u00e1 preju\u00edzos decorrentes do cultivo n\u00e3o iniciado da soja. \u201cH\u00e1 um alarde sendo constru\u00eddo. Ainda \u00e9 extempor\u00e2neo dizer que h\u00e1 algum risco de infla\u00e7\u00e3o de alimentos por conta desse per\u00edodo, porque n\u00e3o tem atraso ainda\u201d, acrescentou o ministro. <\/p>\n<\/div>\n<div>\n<p>Segundo ele, deve haver preocupa\u00e7\u00e3o se o pa\u00eds entrar em outubro e novembro sem chuvas regulares. \u201cAs previs\u00f5es meteorol\u00f3gicas s\u00e3o de chuvas boas em outubro e novembro, com chuvas at\u00e9 em abund\u00e2ncia em fevereiro e mar\u00e7o, o que indica que devemos ter uma safra regular\u201d, observou Favaro.<\/p>\n<p>De acordo com o ministro, a pasta avalia no momento press\u00e3o inflacion\u00e1ria apenas origin\u00e1ria do <strong><a href=\"https:\/\/www.canalrural.com.br\/agricultura\/arroz\/\">arroz<\/a><\/strong>. \u201cO arroz carece de uma pol\u00edtica espec\u00edfica para a expans\u00e3o da sua produ\u00e7\u00e3o e lan\u00e7aremos medidas de est\u00edmulo aos produtores cultivarem arroz em outras regi\u00f5es. N\u00e3o vejo neste momento, al\u00e9m do arroz, alguma press\u00e3o inflacion\u00e1ria que possa vir dos gr\u00e3os\u201d, avaliou.<\/p>\n<\/div>\n<p><br \/>\n<br \/><a href=\"https:\/\/www.canalrural.com.br\/agricultura\/favaro-e-cedo-para-falar-em-risco-de-inflacao-de-alimentos-por-atraso-no-plantio\/\">Source link <\/a><\/p>\n","protected":false},"excerpt":{"rendered":"<p>O ministro da Agricultura, Carlos F\u00e1varo, minimizou eventuais riscos de infla\u00e7\u00e3o de alimentos em virtude de o plantio da safra<\/p>\n","protected":false},"author":1,"featured_media":1534,"comment_status":"open","ping_status":"open","sticky":false,"template":"","format":"standard","meta":{"_monsterinsights_skip_tracking":false,"_monsterinsights_sitenote_active":false,"_monsterinsights_sitenote_note":"","_monsterinsights_sitenote_category":0,"_uf_show_specific_survey":0,"_uf_disable_surveys":false,"footnotes":""},"categories":[1],"tags":[],"class_list":["post-1533","post","type-post","status-publish","format-standard","has-post-thumbnail","hentry","category-news"],"_links":{"self":[{"href":"https:\/\/agromt.news\/index.php?rest_route=\/wp\/v2\/posts\/1533"}],"collection":[{"href":"https:\/\/agromt.news\/index.php?rest_route=\/wp\/v2\/posts"}],"about":[{"href":"https:\/\/agromt.news\/index.php?rest_route=\/wp\/v2\/types\/post"}],"author":[{"embeddable":true,"href":"https:\/\/agromt.news\/index.php?rest_route=\/wp\/v2\/users\/1"}],"replies":[{"embeddable":true,"href":"https:\/\/agromt.news\/index.php?rest_route=%2Fwp%2Fv2%2Fcomments&post=1533"}],"version-history":[{"count":0,"href":"https:\/\/agromt.news\/index.php?rest_route=\/wp\/v2\/posts\/1533\/revisions"}],"wp:featuredmedia":[{"embeddable":true,"href":"https:\/\/agromt.news\/index.php?rest_route=\/wp\/v2\/media\/1534"}],"wp:attachment":[{"href":"https:\/\/agromt.news\/index.php?rest_route=%2Fwp%2Fv2%2Fmedia&parent=1533"}],"wp:term":[{"taxonomy":"category","embeddable":true,"href":"https:\/\/agromt.news\/index.php?rest_route=%2Fwp%2Fv2%2Fcategories&post=1533"},{"taxonomy":"post_tag","embeddable":true,"href":"https:\/\/agromt.news\/index.php?rest_route=%2Fwp%2Fv2%2Ftags&post=1533"}],"curies":[{"name":"wp","href":"https:\/\/api.w.org\/{rel}","templated":true}]}}